{"id":12127,"date":"2013-05-07T08:00:33","date_gmt":"2013-05-07T06:00:33","guid":{"rendered":"http:\/\/www.damianzimmermann.de\/blog\/?p=12127"},"modified":"2019-03-25T11:56:02","modified_gmt":"2019-03-25T10:56:02","slug":"ages-in-der-sk-stiftung-kultur","status":"publish","type":"post","link":"https:\/\/www.damianzimmermann.de\/blog\/ages-in-der-sk-stiftung-kultur\/","title":{"rendered":"&#8222;Ages&#8220; in der SK Stiftung Kultur"},"content":{"rendered":"<p>Um die \u00e4u\u00dfere Erscheinung von Dingen, Lebewesen oder Zust\u00e4nden miteinander vergleichen zu k\u00f6nnen, bietet sich kein anderes Medium so gut an wie die Fotografie. Gleichzeitig f\u00fchrt uns wohl auch kein anderes unsere eigene Verg\u00e4nglichkeit so sehr vor Augen, ist doch der Moment der Aufnahme, dieses leise Klicken des Verschlusses, genauso ein akustisch-metaphorisches Signal wie das Ticken einer Uhr, die uns geradezu anbr\u00fcllt: &#8222;Deine Zeit l\u00e4uft ab&#8220;.<\/p>\n<p>In der <strong>Photographischen Sammlung der<\/strong> <strong>SK Stiftung K\u00f6ln<\/strong> ist aktuell die Ausstellung &#8222;Ages &#8211; Portr\u00e4ts vom \u00c4lterwerden&#8220; zu sehen, in der sich 15 meist seriell angelegte Arbeiten mit genau diesem Ph\u00e4nomen auseinandersetzen &#8211; unter anderem die von mir sehr geliebten Serien &#8222;The Brown Sisters&#8220; von <strong>Nicholas Nixon<\/strong> und &#8222;Almerisa&#8220; von <strong>Rineke Dijkstra<\/strong> sowie Positionen von <strong>Richard Avedon<\/strong>, <strong>Christian Borchert<\/strong>, <strong>Seiichi Furuya<\/strong>, <strong>Stefanie Grebe<\/strong>, <strong>Roni Horn<\/strong>, <strong>Wilma Hurskainen<\/strong>, <strong>Anna Jermolaewa<\/strong>, <strong>Friedl Kubelka<\/strong>, <strong>Andreas Mader<\/strong>, <strong>Michael Mauracher<\/strong>, <strong>Roman Opalka<\/strong>, <strong>Helga Paris<\/strong> und <strong>Thomas Struth<\/strong>. Die sind mal dokumentarisch-n\u00fcchtern (z.B. bei Friedl Kubelka), meist jedoch sehr emotional &#8211; kein Wunder, schlie\u00dflich geht es beim \u00c4lterwerden immer auch um unsere eigene Verg\u00e4nglichkeit.<\/p>\n<p>Die Ausstellung ist noch bis zum 28. Juli in der <strong>SK Stiftung K\u00f6ln<\/strong> zu sehen, im November wird &#8222;Ages&#8220; dann in der <strong>Landesgalerie Linz<\/strong> gezeigt. Zur Ausstellung ist auch ein Katalog erschienen (168 Seiten, 25 Euro).<\/p>\n<p>Meine ausf\u00fchrliche Besprechung aus der aktuellen Photonews gibt es <a href=\"https:\/\/www.damianzimmermann.de\/blog\/wp-content\/uploads\/Photonews_5-13_Seite_6_Ages.pdf\" target=\"_blank\" rel=\"noopener noreferrer\">hier<\/a>.<\/p>\n<p>Link: <a href=\"http:\/\/www.sk-kultur.de\/photographie\/\" target=\"_blank\" rel=\"noopener noreferrer\">SK Stiftung Kultur<\/a><\/p>\n\n\t\t<style type=\"text\/css\">\n\t\t\t#gallery-1 {\n\t\t\t\tmargin: auto;\n\t\t\t}\n\t\t\t#gallery-1 .gallery-item {\n\t\t\t\tfloat: left;\n\t\t\t\tmargin-top: 10px;\n\t\t\t\ttext-align: center;\n\t\t\t\twidth: 100%;\n\t\t\t}\n\t\t\t#gallery-1 img {\n\t\t\t\tborder: 2px solid #cfcfcf;\n\t\t\t}\n\t\t\t#gallery-1 .gallery-caption {\n\t\t\t\tmargin-left: 0;\n\t\t\t}\n\t\t\t\/* see gallery_shortcode() in wp-includes\/media.php *\/\n\t\t<\/style>\n\t\t<div id='gallery-1' class='gallery galleryid-12127 gallery-columns-1 gallery-size-large'><dl class='gallery-item'>\n\t\t\t<dt class='gallery-icon portrait'>\n\t\t\t\t<img loading=\"lazy\" decoding=\"async\" width=\"594\" height=\"900\" src=\"https:\/\/www.damianzimmermann.de\/blog\/wp-content\/uploads\/Helga-Paris-Selbstportraet-1981-1989.jpg\" class=\"attachment-large size-large\" alt=\"\" aria-describedby=\"gallery-1-12165\" srcset=\"https:\/\/www.damianzimmermann.de\/blog\/wp-content\/uploads\/Helga-Paris-Selbstportraet-1981-1989.jpg 594w, https:\/\/www.damianzimmermann.de\/blog\/wp-content\/uploads\/Helga-Paris-Selbstportraet-1981-1989-99x150.jpg 99w, https:\/\/www.damianzimmermann.de\/blog\/wp-content\/uploads\/Helga-Paris-Selbstportraet-1981-1989-264x400.jpg 264w\" sizes=\"auto, (max-width: 594px) 100vw, 594px\" \/>\n\t\t\t<\/dt>\n\t\t\t\t<dd class='wp-caption-text gallery-caption' id='gallery-1-12165'>\n\t\t\t\tHelga Paris: &#8222;Selbstportr\u00e4t&#8220;, 1981\u20131989 \u00a9 Helga Paris\n\t\t\t\t<\/dd><\/dl><br style=\"clear: both\" \/><dl class='gallery-item'>\n\t\t\t<dt class='gallery-icon landscape'>\n\t\t\t\t<img loading=\"lazy\" decoding=\"async\" width=\"620\" height=\"462\" src=\"https:\/\/www.damianzimmermann.de\/blog\/wp-content\/uploads\/Benno_Pia_1997.jpg\" class=\"attachment-large size-large\" alt=\"\" aria-describedby=\"gallery-1-12161\" srcset=\"https:\/\/www.damianzimmermann.de\/blog\/wp-content\/uploads\/Benno_Pia_1997.jpg 900w, https:\/\/www.damianzimmermann.de\/blog\/wp-content\/uploads\/Benno_Pia_1997-200x149.jpg 200w, https:\/\/www.damianzimmermann.de\/blog\/wp-content\/uploads\/Benno_Pia_1997-400x298.jpg 400w\" sizes=\"auto, (max-width: 620px) 100vw, 620px\" \/>\n\t\t\t<\/dt>\n\t\t\t\t<dd class='wp-caption-text gallery-caption' id='gallery-1-12161'>\n\t\t\t\tAndreas Mader: &#8222;Benno und Pia&#8220;, 1997, aus: Die Tage Das Leben \u00a9 Andreas Mader\n\t\t\t\t<\/dd><\/dl><br style=\"clear: both\" \/><dl class='gallery-item'>\n\t\t\t<dt class='gallery-icon portrait'>\n\t\t\t\t<img loading=\"lazy\" decoding=\"async\" width=\"620\" height=\"775\" src=\"https:\/\/www.damianzimmermann.de\/blog\/wp-content\/uploads\/Dijkstra.jpg\" class=\"attachment-large size-large\" alt=\"\" aria-describedby=\"gallery-1-12163\" srcset=\"https:\/\/www.damianzimmermann.de\/blog\/wp-content\/uploads\/Dijkstra.jpg 720w, https:\/\/www.damianzimmermann.de\/blog\/wp-content\/uploads\/Dijkstra-120x150.jpg 120w, https:\/\/www.damianzimmermann.de\/blog\/wp-content\/uploads\/Dijkstra-320x400.jpg 320w\" sizes=\"auto, (max-width: 620px) 100vw, 620px\" \/>\n\t\t\t<\/dt>\n\t\t\t\t<dd class='wp-caption-text gallery-caption' id='gallery-1-12163'>\n\t\t\t\tRineke Dijkstra: &#8222;Almerisa&#8220;, Wormer, The Netherlands, June 23, 1996. Courtesy the artist and Galerie Max Hetzler, Berlin\n\t\t\t\t<\/dd><\/dl><br style=\"clear: both\" \/><dl class='gallery-item'>\n\t\t\t<dt class='gallery-icon landscape'>\n\t\t\t\t<img loading=\"lazy\" decoding=\"async\" width=\"620\" height=\"411\" src=\"https:\/\/www.damianzimmermann.de\/blog\/wp-content\/uploads\/Christian-Borchert-Familie-Enderlein.jpg\" class=\"attachment-large size-large\" alt=\"\" aria-describedby=\"gallery-1-12162\" srcset=\"https:\/\/www.damianzimmermann.de\/blog\/wp-content\/uploads\/Christian-Borchert-Familie-Enderlein.jpg 900w, https:\/\/www.damianzimmermann.de\/blog\/wp-content\/uploads\/Christian-Borchert-Familie-Enderlein-200x132.jpg 200w, https:\/\/www.damianzimmermann.de\/blog\/wp-content\/uploads\/Christian-Borchert-Familie-Enderlein-400x265.jpg 400w\" sizes=\"auto, (max-width: 620px) 100vw, 620px\" \/>\n\t\t\t<\/dt>\n\t\t\t\t<dd class='wp-caption-text gallery-caption' id='gallery-1-12162'>\n\t\t\t\tChristian Borchert: &#8222;Familie Enderlein (Arch\u00e4ologe, \u00c4rztin, die Kinder: Studentin Germanistik, Student Malerei, Kunsthistoriker, Offsetdrucker\/Sch\u00fcler)&#8220;, Berlin-Pankow, 1993 \u00a9 SLUB \/ Deutsche Fotothek, Christian Borchert\n\t\t\t\t<\/dd><\/dl><br style=\"clear: both\" \/><dl class='gallery-item'>\n\t\t\t<dt class='gallery-icon portrait'>\n\t\t\t\t<img loading=\"lazy\" decoding=\"async\" width=\"600\" height=\"900\" src=\"https:\/\/www.damianzimmermann.de\/blog\/wp-content\/uploads\/Seiichi-Furuya-Venedig_1985.jpg\" class=\"attachment-large size-large\" alt=\"\" aria-describedby=\"gallery-1-12169\" srcset=\"https:\/\/www.damianzimmermann.de\/blog\/wp-content\/uploads\/Seiichi-Furuya-Venedig_1985.jpg 600w, https:\/\/www.damianzimmermann.de\/blog\/wp-content\/uploads\/Seiichi-Furuya-Venedig_1985-100x150.jpg 100w, https:\/\/www.damianzimmermann.de\/blog\/wp-content\/uploads\/Seiichi-Furuya-Venedig_1985-266x400.jpg 266w\" sizes=\"auto, (max-width: 600px) 100vw, 600px\" \/>\n\t\t\t<\/dt>\n\t\t\t\t<dd class='wp-caption-text gallery-caption' id='gallery-1-12169'>\n\t\t\t\tSeiichi Furuya: &#8222;Venedig&#8220;, 1985 \u00a9 Seiichi Furuya\n\t\t\t\t<\/dd><\/dl><br style=\"clear: both\" \/><dl class='gallery-item'>\n\t\t\t<dt class='gallery-icon portrait'>\n\t\t\t\t<img loading=\"lazy\" decoding=\"async\" width=\"620\" height=\"626\" src=\"https:\/\/www.damianzimmermann.de\/blog\/wp-content\/uploads\/Jacob_Israel_Avedon__father_of_Richard_Avedon_5.jpg\" class=\"attachment-large size-large\" alt=\"\" aria-describedby=\"gallery-1-12166\" srcset=\"https:\/\/www.damianzimmermann.de\/blog\/wp-content\/uploads\/Jacob_Israel_Avedon__father_of_Richard_Avedon_5.jpg 891w, https:\/\/www.damianzimmermann.de\/blog\/wp-content\/uploads\/Jacob_Israel_Avedon__father_of_Richard_Avedon_5-148x150.jpg 148w, https:\/\/www.damianzimmermann.de\/blog\/wp-content\/uploads\/Jacob_Israel_Avedon__father_of_Richard_Avedon_5-396x400.jpg 396w\" sizes=\"auto, (max-width: 620px) 100vw, 620px\" \/>\n\t\t\t<\/dt>\n\t\t\t\t<dd class='wp-caption-text gallery-caption' id='gallery-1-12166'>\n\t\t\t\tRichard Avedon: &#8222;Jacob Israel Avedon, father of Richard Avedon Sarasota&#8220;, Florida, 1969\u20131973 Jacob Israel Avedon, Sarasota, Florida, August 25, 1973 \u00a9 The Richard Avedon Foundation\n\t\t\t\t<\/dd><\/dl><br style=\"clear: both\" \/><dl class='gallery-item'>\n\t\t\t<dt class='gallery-icon portrait'>\n\t\t\t\t<img loading=\"lazy\" decoding=\"async\" width=\"620\" height=\"777\" src=\"https:\/\/www.damianzimmermann.de\/blog\/wp-content\/uploads\/Friedl-Kubelka-1.-Year-of-life-portrait.jpg\" class=\"attachment-large size-large\" alt=\"\" aria-describedby=\"gallery-1-12164\" srcset=\"https:\/\/www.damianzimmermann.de\/blog\/wp-content\/uploads\/Friedl-Kubelka-1.-Year-of-life-portrait.jpg 718w, https:\/\/www.damianzimmermann.de\/blog\/wp-content\/uploads\/Friedl-Kubelka-1.-Year-of-life-portrait-119x150.jpg 119w, https:\/\/www.damianzimmermann.de\/blog\/wp-content\/uploads\/Friedl-Kubelka-1.-Year-of-life-portrait-319x400.jpg 319w\" sizes=\"auto, (max-width: 620px) 100vw, 620px\" \/>\n\t\t\t<\/dt>\n\t\t\t\t<dd class='wp-caption-text gallery-caption' id='gallery-1-12164'>\n\t\t\t\tFriedl Kubelka: &#8222;1. Year of life portrait Louise Anna Kubelka&#8220;, 1978\/1979 \u00a9 Friedl Kubelka\n\t\t\t\t<\/dd><\/dl><br style=\"clear: both\" \/><dl class='gallery-item'>\n\t\t\t<dt class='gallery-icon landscape'>\n\t\t\t\t<img loading=\"lazy\" decoding=\"async\" width=\"620\" height=\"493\" src=\"https:\/\/www.damianzimmermann.de\/blog\/wp-content\/uploads\/Nicholas-Nixon-The_Brown_Sisters__2011_k.jpg\" class=\"attachment-large size-large\" alt=\"\" aria-describedby=\"gallery-1-12167\" srcset=\"https:\/\/www.damianzimmermann.de\/blog\/wp-content\/uploads\/Nicholas-Nixon-The_Brown_Sisters__2011_k.jpg 900w, https:\/\/www.damianzimmermann.de\/blog\/wp-content\/uploads\/Nicholas-Nixon-The_Brown_Sisters__2011_k-188x150.jpg 188w, https:\/\/www.damianzimmermann.de\/blog\/wp-content\/uploads\/Nicholas-Nixon-The_Brown_Sisters__2011_k-400x318.jpg 400w\" sizes=\"auto, (max-width: 620px) 100vw, 620px\" \/>\n\t\t\t<\/dt>\n\t\t\t\t<dd class='wp-caption-text gallery-caption' id='gallery-1-12167'>\n\t\t\t\tNicholas Nixon: &#8222;The Brown Sisters&#8220;, 2011 \u00a9 Nicholas Nixon, Fundaci\u00f3n MAPFRE\n\t\t\t\t<\/dd><\/dl><br style=\"clear: both\" \/><dl class='gallery-item'>\n\t\t\t<dt class='gallery-icon landscape'>\n\t\t\t\t<img loading=\"lazy\" decoding=\"async\" width=\"620\" height=\"208\" src=\"https:\/\/www.damianzimmermann.de\/blog\/wp-content\/uploads\/Wilma-Hurskainen-In-the-Cabin-1994.jpg\" class=\"attachment-large size-large\" alt=\"\" aria-describedby=\"gallery-1-12170\" srcset=\"https:\/\/www.damianzimmermann.de\/blog\/wp-content\/uploads\/Wilma-Hurskainen-In-the-Cabin-1994.jpg 1000w, https:\/\/www.damianzimmermann.de\/blog\/wp-content\/uploads\/Wilma-Hurskainen-In-the-Cabin-1994-200x67.jpg 200w, https:\/\/www.damianzimmermann.de\/blog\/wp-content\/uploads\/Wilma-Hurskainen-In-the-Cabin-1994-400x134.jpg 400w\" sizes=\"auto, (max-width: 620px) 100vw, 620px\" \/>\n\t\t\t<\/dt>\n\t\t\t\t<dd class='wp-caption-text gallery-caption' id='gallery-1-12170'>\n\t\t\t\tWilma Hurskainen: &#8222;In the Cabin&#8220;, 1994, aus der Serie \u201eGrowth\u201c, 2004\u20132006 \u00a9 Wilma Hurskainen\n\t\t\t\t<\/dd><\/dl><br style=\"clear: both\" \/><dl class='gallery-item'>\n\t\t\t<dt class='gallery-icon landscape'>\n\t\t\t\t<img loading=\"lazy\" decoding=\"async\" width=\"620\" height=\"347\" src=\"https:\/\/www.damianzimmermann.de\/blog\/wp-content\/uploads\/Roni-Horn-a.k.a.-Detail-2008-09.jpg\" class=\"attachment-large size-large\" alt=\"\" aria-describedby=\"gallery-1-12168\" srcset=\"https:\/\/www.damianzimmermann.de\/blog\/wp-content\/uploads\/Roni-Horn-a.k.a.-Detail-2008-09.jpg 900w, https:\/\/www.damianzimmermann.de\/blog\/wp-content\/uploads\/Roni-Horn-a.k.a.-Detail-2008-09-200x111.jpg 200w, https:\/\/www.damianzimmermann.de\/blog\/wp-content\/uploads\/Roni-Horn-a.k.a.-Detail-2008-09-400x223.jpg 400w\" sizes=\"auto, (max-width: 620px) 100vw, 620px\" \/>\n\t\t\t<\/dt>\n\t\t\t\t<dd class='wp-caption-text gallery-caption' id='gallery-1-12168'>\n\t\t\t\tRoni Horn: &#8222;a.k.a.&#8220; (Detail), 2008\/2009 \u00a9 Courtesy die K\u00fcnstlerin und Hauser &#038; Wirth\n\t\t\t\t<\/dd><\/dl><br style=\"clear: both\" \/>\n\t\t<\/div>\n\n","protected":false},"excerpt":{"rendered":"<p>Um die \u00e4u\u00dfere Erscheinung von Dingen, Lebewesen oder Zust\u00e4nden miteinander vergleichen zu k\u00f6nnen, bietet sich kein anderes Medium so gut an wie die Fotografie. Gleichzeitig f\u00fchrt uns wohl&#8230;<\/p>\n","protected":false},"author":1,"featured_media":12167,"comment_status":"closed","ping_status":"open","sticky":false,"template":"","format":"standard","meta":{"footnotes":""},"categories":[6],"tags":[1034,1032,1027,1033,480,1035,565,575,1008,1036,1030,1028,1029,219,1031],"class_list":["post-12127","post","type-post","status-publish","format-standard","has-post-thumbnail","hentry","category-ausstellungen","tag-andreas-mader","tag-anna-jermolaewa","tag-christian-borchert","tag-friedl-kubelka","tag-helga-paris","tag-michael-mauracher","tag-nicholas-nixon","tag-richard-avedon","tag-rineke-dijkstra","tag-roman-opalka","tag-roni-horn","tag-seiichi-furuya","tag-stefanie-grebe","tag-thomas-struth","tag-wilma-hurskainen"],"_links":{"self":[{"href":"https:\/\/www.damianzimmermann.de\/blog\/wp-json\/wp\/v2\/posts\/12127","targetHints":{"allow":["GET"]}}],"collection":[{"href":"https:\/\/www.damianzimmermann.de\/blog\/wp-json\/wp\/v2\/posts"}],"about":[{"href":"https:\/\/www.damianzimmermann.de\/blog\/wp-json\/wp\/v2\/types\/post"}],"author":[{"embeddable":true,"href":"https:\/\/www.damianzimmermann.de\/blog\/wp-json\/wp\/v2\/users\/1"}],"replies":[{"embeddable":true,"href":"https:\/\/www.damianzimmermann.de\/blog\/wp-json\/wp\/v2\/comments?post=12127"}],"version-history":[{"count":42,"href":"https:\/\/www.damianzimmermann.de\/blog\/wp-json\/wp\/v2\/posts\/12127\/revisions"}],"predecessor-version":[{"id":20341,"href":"https:\/\/www.damianzimmermann.de\/blog\/wp-json\/wp\/v2\/posts\/12127\/revisions\/20341"}],"wp:featuredmedia":[{"embeddable":true,"href":"https:\/\/www.damianzimmermann.de\/blog\/wp-json\/wp\/v2\/media\/12167"}],"wp:attachment":[{"href":"https:\/\/www.damianzimmermann.de\/blog\/wp-json\/wp\/v2\/media?parent=12127"}],"wp:term":[{"taxonomy":"category","embeddable":true,"href":"https:\/\/www.damianzimmermann.de\/blog\/wp-json\/wp\/v2\/categories?post=12127"},{"taxonomy":"post_tag","embeddable":true,"href":"https:\/\/www.damianzimmermann.de\/blog\/wp-json\/wp\/v2\/tags?post=12127"}],"curies":[{"name":"wp","href":"https:\/\/api.w.org\/{rel}","templated":true}]}}