{"id":11975,"date":"2013-04-13T20:57:22","date_gmt":"2013-04-13T18:57:22","guid":{"rendered":"http:\/\/www.damianzimmermann.de\/blog\/?p=11975"},"modified":"2019-03-25T11:59:57","modified_gmt":"2019-03-25T10:59:57","slug":"150-jahre-architekturfotografie-in-graubunden","status":"publish","type":"post","link":"https:\/\/www.damianzimmermann.de\/blog\/150-jahre-architekturfotografie-in-graubunden\/","title":{"rendered":"150 Jahre Architekturfotografie in Graub\u00fcnden"},"content":{"rendered":"<p>Und noch ein Buch \u00fcber Fotografie und die Berge. Naja, zumindest k\u00f6nnte man das beim Anblick vieler Bilder aus &#8222;Ansichtssachen&#8220; meinen. Doch bereits der Untertitel verr\u00e4t, dass es eigentlich um etwas anderes geht: &#8222;150 Jahre Architekturfotografie in Graub\u00fcnden&#8220;.<\/p>\n<p>Herausgegeben wurde das Buch (384 Seiten, 117 farbige und 136 schwarzwei\u00dfe Abbildungen, 48 Euro) von <strong>Stephan Kunz<\/strong> und <strong>K\u00f6bi Gantenbein,<\/strong> und es ist zur gleichnamigen Ausstellung im B\u00fcndner Kunstmuseum Chur im <strong>Verlag Scheidegger &amp; Spiess<\/strong> erschienen. Darin gehen sie dem Stellenwert nach, den die Architektur im schweizerischen Graub\u00fcnden seit dem 19. Jahrhundert hat. &#8222;Weil aber in erster Linie Fotografien betrachtet werden, steht nicht die Geschichte der Architektur in diesem Kanton im Zentrum. Vielmehr geht es um die Sicht der Fotografen und um die Frage, wie sich diese im Laufe der Zeit ver\u00e4ndert hat. Was steht wann, wie und warum im Fokus?&#8220;, erkl\u00e4ren die Herausgeber im Vorwort und unterstreichen diesen besonderen Aspekt direkt mit einer Reihe von Aufnahmen, die die Fotografen <strong>Katalin De\u00e9r<\/strong>, <strong>Christian Kerez<\/strong>, <strong>Claudio Moser<\/strong>, <strong>Stephan Schenk<\/strong>, <strong>Gaudenz Signorell<\/strong> von der St. Nepomuk-Kapelle in Oberrealta gemacht haben.<\/p>\n<p>Dennoch ist es kein klassisches Fotobuch, sondern eher ein reich bebildertes Lesebuch, das in Aufs\u00e4tzen die je spezifische Sicht von Architekten, Ingenieuren und Fotografen aufzeigt. So lernen wir unter anderem den Fotografen <strong>Christian Ferdinand Meisner<\/strong> (1863-1929) kennen, der sich das ehrgeizige Ziel gesetzt hatte, die B\u00fcndner T\u00e4ler und Ortschaften zu dokumentieren, dabei aber auch die Landschaft auf sehr eigenwillige Art interpretiert. Oder wir entdecken <strong>Albert Steiner<\/strong> (1877-1965), der die Natur liebt und dem Architektur darin wie Fremdk\u00f6rper vorkommt &#8211; auf mich wirkt er wie eine Art schweizerischer <strong>Ansel Adams<\/strong>. Die Spannweite erstreckt sich schlie\u00dflich bis zu kritischen Fotografen der Jetztzeit, in denen die Postkartenidylle von Fotografen wie <strong>Hans Steiner<\/strong>, <strong>Paolo Rosselli<\/strong>, <strong>Marcel Hoffmann<\/strong> und <strong>Jules Spinatsch<\/strong> hinterfragt und auch zerst\u00f6rt wird.<\/p>\n<p>Diese Mischung macht den Reiz und den Wert von &#8222;Ansichtssache&#8220; aus. Zugleich kann man anhand dieses \u00fcberschaubaren Gebietes die Entwicklung der Architekturfotografiegeschichte im Allgemeinen verdeutlichen.<\/p>\n<p>Link: <a href=\"http:\/\/www.scheidegger-spiess.ch\/index.php?pd=ss&amp;lang=de&amp;page=books&amp;book=466\" target=\"_blank\" rel=\"noopener noreferrer\">Scheidegger &amp; Spiess<\/a><\/p>\n\n\t\t<style type=\"text\/css\">\n\t\t\t#gallery-1 {\n\t\t\t\tmargin: auto;\n\t\t\t}\n\t\t\t#gallery-1 .gallery-item {\n\t\t\t\tfloat: left;\n\t\t\t\tmargin-top: 10px;\n\t\t\t\ttext-align: center;\n\t\t\t\twidth: 100%;\n\t\t\t}\n\t\t\t#gallery-1 img {\n\t\t\t\tborder: 2px solid #cfcfcf;\n\t\t\t}\n\t\t\t#gallery-1 .gallery-caption {\n\t\t\t\tmargin-left: 0;\n\t\t\t}\n\t\t\t\/* see gallery_shortcode() in wp-includes\/media.php *\/\n\t\t<\/style>\n\t\t<div id='gallery-1' class='gallery galleryid-11975 gallery-columns-1 gallery-size-large'><dl class='gallery-item'>\n\t\t\t<dt class='gallery-icon portrait'>\n\t\t\t\t<img loading=\"lazy\" decoding=\"async\" width=\"600\" height=\"900\" src=\"https:\/\/www.damianzimmermann.de\/blog\/wp-content\/uploads\/Cover11.jpg\" class=\"attachment-large size-large\" alt=\"\" aria-describedby=\"gallery-1-11985\" srcset=\"https:\/\/www.damianzimmermann.de\/blog\/wp-content\/uploads\/Cover11.jpg 600w, https:\/\/www.damianzimmermann.de\/blog\/wp-content\/uploads\/Cover11-100x150.jpg 100w, https:\/\/www.damianzimmermann.de\/blog\/wp-content\/uploads\/Cover11-266x400.jpg 266w\" sizes=\"auto, (max-width: 600px) 100vw, 600px\" \/>\n\t\t\t<\/dt>\n\t\t\t\t<dd class='wp-caption-text gallery-caption' id='gallery-1-11985'>\n\t\t\t\tAnsichtssache &#8211; Cover\n\t\t\t\t<\/dd><\/dl><br style=\"clear: both\" \/><dl class='gallery-item'>\n\t\t\t<dt class='gallery-icon landscape'>\n\t\t\t\t<img loading=\"lazy\" decoding=\"async\" width=\"620\" height=\"455\" src=\"https:\/\/www.damianzimmermann.de\/blog\/wp-content\/uploads\/Ansichtssache_p127_sw_Liege.jpg\" class=\"attachment-large size-large\" alt=\"\" aria-describedby=\"gallery-1-11981\" srcset=\"https:\/\/www.damianzimmermann.de\/blog\/wp-content\/uploads\/Ansichtssache_p127_sw_Liege.jpg 900w, https:\/\/www.damianzimmermann.de\/blog\/wp-content\/uploads\/Ansichtssache_p127_sw_Liege-200x146.jpg 200w, https:\/\/www.damianzimmermann.de\/blog\/wp-content\/uploads\/Ansichtssache_p127_sw_Liege-400x293.jpg 400w\" sizes=\"auto, (max-width: 620px) 100vw, 620px\" \/>\n\t\t\t<\/dt>\n\t\t\t\t<dd class='wp-caption-text gallery-caption' id='gallery-1-11981'>\n\t\t\t\tZ\u00fcrcher Heilst\u00e4tte Clavadel-Davos (Rudolf Gaberel), um 1935. Foto: Albert Steiner, Archiv Kr\u00e4henb\u00fchl Architekten AG Davos.\n\t\t\t\t<\/dd><\/dl><br style=\"clear: both\" \/><dl class='gallery-item'>\n\t\t\t<dt class='gallery-icon portrait'>\n\t\t\t\t<img loading=\"lazy\" decoding=\"async\" width=\"620\" height=\"634\" src=\"https:\/\/www.damianzimmermann.de\/blog\/wp-content\/uploads\/Ansichtssache_p297_SognBenedetgDanuser.jpg\" class=\"attachment-large size-large\" alt=\"\" aria-describedby=\"gallery-1-11984\" srcset=\"https:\/\/www.damianzimmermann.de\/blog\/wp-content\/uploads\/Ansichtssache_p297_SognBenedetgDanuser.jpg 880w, https:\/\/www.damianzimmermann.de\/blog\/wp-content\/uploads\/Ansichtssache_p297_SognBenedetgDanuser-146x150.jpg 146w, https:\/\/www.damianzimmermann.de\/blog\/wp-content\/uploads\/Ansichtssache_p297_SognBenedetgDanuser-391x400.jpg 391w\" sizes=\"auto, (max-width: 620px) 100vw, 620px\" \/>\n\t\t\t<\/dt>\n\t\t\t\t<dd class='wp-caption-text gallery-caption' id='gallery-1-11984'>\n\t\t\t\tCaplutta Sogn Benedetg (Peter Zumthor), Sumtvig, 1988. Foto: Hans Danuser.\n\t\t\t\t<\/dd><\/dl><br style=\"clear: both\" \/><dl class='gallery-item'>\n\t\t\t<dt class='gallery-icon landscape'>\n\t\t\t\t<img loading=\"lazy\" decoding=\"async\" width=\"620\" height=\"391\" src=\"https:\/\/www.damianzimmermann.de\/blog\/wp-content\/uploads\/Ansichtssache_p63_Ftan.jpg\" class=\"attachment-large size-large\" alt=\"\" aria-describedby=\"gallery-1-11980\" srcset=\"https:\/\/www.damianzimmermann.de\/blog\/wp-content\/uploads\/Ansichtssache_p63_Ftan.jpg 900w, https:\/\/www.damianzimmermann.de\/blog\/wp-content\/uploads\/Ansichtssache_p63_Ftan-200x126.jpg 200w, https:\/\/www.damianzimmermann.de\/blog\/wp-content\/uploads\/Ansichtssache_p63_Ftan-400x252.jpg 400w\" sizes=\"auto, (max-width: 620px) 100vw, 620px\" \/>\n\t\t\t<\/dt>\n\t\t\t\t<dd class='wp-caption-text gallery-caption' id='gallery-1-11980'>\n\t\t\t\tFtan, 1860-1865. Foto: Adolphe Braun, Privatbesitz. \n\t\t\t\t<\/dd><\/dl><br style=\"clear: both\" \/><dl class='gallery-item'>\n\t\t\t<dt class='gallery-icon portrait'>\n\t\t\t\t<img loading=\"lazy\" decoding=\"async\" width=\"620\" height=\"828\" src=\"https:\/\/www.damianzimmermann.de\/blog\/wp-content\/uploads\/Ansichtssache_p163_ViaMalaSpiluttini.jpg\" class=\"attachment-large size-large\" alt=\"\" aria-describedby=\"gallery-1-11982\" srcset=\"https:\/\/www.damianzimmermann.de\/blog\/wp-content\/uploads\/Ansichtssache_p163_ViaMalaSpiluttini.jpg 674w, https:\/\/www.damianzimmermann.de\/blog\/wp-content\/uploads\/Ansichtssache_p163_ViaMalaSpiluttini-112x150.jpg 112w, https:\/\/www.damianzimmermann.de\/blog\/wp-content\/uploads\/Ansichtssache_p163_ViaMalaSpiluttini-299x400.jpg 299w\" sizes=\"auto, (max-width: 620px) 100vw, 620px\" \/>\n\t\t\t<\/dt>\n\t\t\t\t<dd class='wp-caption-text gallery-caption' id='gallery-1-11982'>\n\t\t\t\tViamalbr\u00fccke (Christian Menn), 2000. Foto: Margherita Spiluttini.\n\t\t\t\t<\/dd><\/dl><br style=\"clear: both\" \/><dl class='gallery-item'>\n\t\t\t<dt class='gallery-icon landscape'>\n\t\t\t\t<img loading=\"lazy\" decoding=\"async\" width=\"620\" height=\"575\" src=\"https:\/\/www.damianzimmermann.de\/blog\/wp-content\/uploads\/Ansichtssache_p290_PontresinaKronenhofHelfenstein.jpg\" class=\"attachment-large size-large\" alt=\"\" aria-describedby=\"gallery-1-11983\" srcset=\"https:\/\/www.damianzimmermann.de\/blog\/wp-content\/uploads\/Ansichtssache_p290_PontresinaKronenhofHelfenstein.jpg 900w, https:\/\/www.damianzimmermann.de\/blog\/wp-content\/uploads\/Ansichtssache_p290_PontresinaKronenhofHelfenstein-161x150.jpg 161w, https:\/\/www.damianzimmermann.de\/blog\/wp-content\/uploads\/Ansichtssache_p290_PontresinaKronenhofHelfenstein-400x370.jpg 400w\" sizes=\"auto, (max-width: 620px) 100vw, 620px\" \/>\n\t\t\t<\/dt>\n\t\t\t\t<dd class='wp-caption-text gallery-caption' id='gallery-1-11983'>\n\t\t\t\tHotel Kronenhof, neuer Spa-Bereich (Jules und Ivo Dahinden), Pontresina, 2012. Foto: Heinrich Helfenstein.\n\t\t\t\t<\/dd><\/dl><br style=\"clear: both\" \/>\n\t\t<\/div>\n\n","protected":false},"excerpt":{"rendered":"<p>Und noch ein Buch \u00fcber Fotografie und die Berge. Naja, zumindest k\u00f6nnte man das beim Anblick vieler Bilder aus &#8222;Ansichtssachen&#8220; meinen. Doch bereits der Untertitel verr\u00e4t, dass es&#8230;<\/p>\n","protected":false},"author":1,"featured_media":14954,"comment_status":"closed","ping_status":"open","sticky":false,"template":"","format":"standard","meta":{"footnotes":""},"categories":[7],"tags":[1015,1014,570,1020,1016,1017,1019,1011,1021,1012,1024,762,1010,1023,1013,1022,1009,1018],"class_list":["post-11975","post","type-post","status-publish","format-standard","has-post-thumbnail","hentry","category-fotobuecher","tag-adolphe-braun","tag-albert-steiner","tag-ansel-adams","tag-christian-ferdinand-meisner","tag-christian-kerez","tag-claudio-moser","tag-gaudenz-signorell","tag-hans-danuser","tag-hans-steiner","tag-heinrich-helfenstein","tag-jules-spinatsch","tag-katalin-deer","tag-kobi-gantenbein","tag-marcel-hoffmann","tag-margherita-spiluttini","tag-paolo-rosselli","tag-stephan-kunz","tag-stephan-schenk"],"_links":{"self":[{"href":"https:\/\/www.damianzimmermann.de\/blog\/wp-json\/wp\/v2\/posts\/11975","targetHints":{"allow":["GET"]}}],"collection":[{"href":"https:\/\/www.damianzimmermann.de\/blog\/wp-json\/wp\/v2\/posts"}],"about":[{"href":"https:\/\/www.damianzimmermann.de\/blog\/wp-json\/wp\/v2\/types\/post"}],"author":[{"embeddable":true,"href":"https:\/\/www.damianzimmermann.de\/blog\/wp-json\/wp\/v2\/users\/1"}],"replies":[{"embeddable":true,"href":"https:\/\/www.damianzimmermann.de\/blog\/wp-json\/wp\/v2\/comments?post=11975"}],"version-history":[{"count":49,"href":"https:\/\/www.damianzimmermann.de\/blog\/wp-json\/wp\/v2\/posts\/11975\/revisions"}],"predecessor-version":[{"id":20344,"href":"https:\/\/www.damianzimmermann.de\/blog\/wp-json\/wp\/v2\/posts\/11975\/revisions\/20344"}],"wp:featuredmedia":[{"embeddable":true,"href":"https:\/\/www.damianzimmermann.de\/blog\/wp-json\/wp\/v2\/media\/14954"}],"wp:attachment":[{"href":"https:\/\/www.damianzimmermann.de\/blog\/wp-json\/wp\/v2\/media?parent=11975"}],"wp:term":[{"taxonomy":"category","embeddable":true,"href":"https:\/\/www.damianzimmermann.de\/blog\/wp-json\/wp\/v2\/categories?post=11975"},{"taxonomy":"post_tag","embeddable":true,"href":"https:\/\/www.damianzimmermann.de\/blog\/wp-json\/wp\/v2\/tags?post=11975"}],"curies":[{"name":"wp","href":"https:\/\/api.w.org\/{rel}","templated":true}]}}