{"id":11933,"date":"2013-04-07T11:06:34","date_gmt":"2013-04-07T09:06:34","guid":{"rendered":"http:\/\/www.damianzimmermann.de\/blog\/?p=11933"},"modified":"2019-03-25T12:01:54","modified_gmt":"2019-03-25T11:01:54","slug":"rineke-dijkstra-im-mmk-frankfurt","status":"publish","type":"post","link":"https:\/\/www.damianzimmermann.de\/blog\/rineke-dijkstra-im-mmk-frankfurt\/","title":{"rendered":"Rineke Dijkstra im MMK Frankfurt"},"content":{"rendered":"<p>Das <strong>Museum f\u00fcr Moderne Kunst<\/strong> in Frankfurt, kurz MMK, zeigt in der gro\u00dfangelegten Ausstellung &#8222;The Krazy House&#8220; erstmals alle Videoarbeiten der vor allem als Fotografin bekannten Niederl\u00e4nderin <strong>Rineke Dijkstra<\/strong>. Es ist gleichzeitig ihre umfangreichste Ausstellung in Deutschland \u00fcberhaupt. Eine Retrospektive ist es dennoch nicht geworden, da von ihren Fotoserien lediglich eine vollst\u00e4ndig pr\u00e4sentiert wird. Daf\u00fcr hat sich Dijkstra in der Sammlung des MMK umgeschaut und Kunstwerke anderer ihren eigenen Arbeiten mehr oder weniger gegen\u00fcbergestellt &#8211; unter anderem von <strong>Jeff Wall<\/strong>, <strong>Andy Warhol<\/strong>, <strong>Isa Gensken<\/strong>, <strong>Tobias Rehberger<\/strong>, <strong>On Kawara<\/strong> und <strong>Bruce Nauman<\/strong>.<\/p>\n<p>Die Ausstellung hat ihren Reiz und ihre H\u00f6hepunkt, wirkt auf der anderen Seite aber auch \u00fcberladen und un\u00fcbersichtlich und vergibt zugleich eine gro\u00dfe Chance. Warum, erfahrt ihr in meinem Artikel in der\u00a0<a href=\"https:\/\/www.damianzimmermann.de\/blog\/wp-content\/uploads\/Photonews_4-13_Seite_5_Krazy-House.pdf\" target=\"_blank\" rel=\"noopener noreferrer\">Photonews<\/a>.<\/p>\n<p>Link: <a href=\"http:\/\/www.mmk-frankfurt.de\/de\/ausstellung\/die-aktuellen-ausstellungen\/austellung-details\/exhibition_uid\/10397\/\" target=\"_blank\" rel=\"noopener noreferrer\">MMK<\/a><\/p>\n\n\t\t<style type=\"text\/css\">\n\t\t\t#gallery-1 {\n\t\t\t\tmargin: auto;\n\t\t\t}\n\t\t\t#gallery-1 .gallery-item {\n\t\t\t\tfloat: left;\n\t\t\t\tmargin-top: 10px;\n\t\t\t\ttext-align: center;\n\t\t\t\twidth: 100%;\n\t\t\t}\n\t\t\t#gallery-1 img {\n\t\t\t\tborder: 2px solid #cfcfcf;\n\t\t\t}\n\t\t\t#gallery-1 .gallery-caption {\n\t\t\t\tmargin-left: 0;\n\t\t\t}\n\t\t\t\/* see gallery_shortcode() in wp-includes\/media.php *\/\n\t\t<\/style>\n\t\t<div id='gallery-1' class='gallery galleryid-11933 gallery-columns-1 gallery-size-large'><dl class='gallery-item'>\n\t\t\t<dt class='gallery-icon portrait'>\n\t\t\t\t<img loading=\"lazy\" decoding=\"async\" width=\"620\" height=\"799\" src=\"https:\/\/www.damianzimmermann.de\/blog\/wp-content\/uploads\/dijkstra_krazy_house.jpg\" class=\"attachment-large size-large\" alt=\"\" aria-describedby=\"gallery-1-11958\" srcset=\"https:\/\/www.damianzimmermann.de\/blog\/wp-content\/uploads\/dijkstra_krazy_house.jpg 698w, https:\/\/www.damianzimmermann.de\/blog\/wp-content\/uploads\/dijkstra_krazy_house-116x150.jpg 116w, https:\/\/www.damianzimmermann.de\/blog\/wp-content\/uploads\/dijkstra_krazy_house-310x400.jpg 310w\" sizes=\"auto, (max-width: 620px) 100vw, 620px\" \/>\n\t\t\t<\/dt>\n\t\t\t\t<dd class='wp-caption-text gallery-caption' id='gallery-1-11958'>\n\t\t\t\tRineke Dijkstra: &#8222;Amy&#8220;, aus der Serie &#8222;The Krazyhouse&#8220;, 2008\n\t\t\t\t<\/dd><\/dl><br style=\"clear: both\" \/><dl class='gallery-item'>\n\t\t\t<dt class='gallery-icon landscape'>\n\t\t\t\t<img loading=\"lazy\" decoding=\"async\" width=\"620\" height=\"424\" src=\"https:\/\/www.damianzimmermann.de\/blog\/wp-content\/uploads\/krazy_installationsansicht1.jpg\" class=\"attachment-large size-large\" alt=\"\" aria-describedby=\"gallery-1-11963\" srcset=\"https:\/\/www.damianzimmermann.de\/blog\/wp-content\/uploads\/krazy_installationsansicht1.jpg 900w, https:\/\/www.damianzimmermann.de\/blog\/wp-content\/uploads\/krazy_installationsansicht1-200x136.jpg 200w, https:\/\/www.damianzimmermann.de\/blog\/wp-content\/uploads\/krazy_installationsansicht1-400x273.jpg 400w\" sizes=\"auto, (max-width: 620px) 100vw, 620px\" \/>\n\t\t\t<\/dt>\n\t\t\t\t<dd class='wp-caption-text gallery-caption' id='gallery-1-11963'>\n\t\t\t\tInstallationsansicht von Rineke Dijkstras &#8222;Amy&#8220; und Tobias Rehbergers &#8222;Most Beautiful&#8220; \u00a9 Axel Schneider, Frankfurt am Main\n\t\t\t\t<\/dd><\/dl><br style=\"clear: both\" \/><dl class='gallery-item'>\n\t\t\t<dt class='gallery-icon landscape'>\n\t\t\t\t<img loading=\"lazy\" decoding=\"async\" width=\"620\" height=\"413\" src=\"https:\/\/www.damianzimmermann.de\/blog\/wp-content\/uploads\/krazy_installationsansicht5.jpg\" class=\"attachment-large size-large\" alt=\"\" aria-describedby=\"gallery-1-11965\" srcset=\"https:\/\/www.damianzimmermann.de\/blog\/wp-content\/uploads\/krazy_installationsansicht5.jpg 900w, https:\/\/www.damianzimmermann.de\/blog\/wp-content\/uploads\/krazy_installationsansicht5-200x133.jpg 200w, https:\/\/www.damianzimmermann.de\/blog\/wp-content\/uploads\/krazy_installationsansicht5-400x266.jpg 400w\" sizes=\"auto, (max-width: 620px) 100vw, 620px\" \/>\n\t\t\t<\/dt>\n\t\t\t\t<dd class='wp-caption-text gallery-caption' id='gallery-1-11965'>\n\t\t\t\tRineke Dijkstra, Installationsansicht \u00a9 Axel Schneider, Frankfurt am Main\n\t\t\t\t<\/dd><\/dl><br style=\"clear: both\" \/><dl class='gallery-item'>\n\t\t\t<dt class='gallery-icon landscape'>\n\t\t\t\t<img loading=\"lazy\" decoding=\"async\" width=\"620\" height=\"349\" src=\"https:\/\/www.damianzimmermann.de\/blog\/wp-content\/uploads\/dijkstra_ruth_drawing_picasso.jpg\" class=\"attachment-large size-large\" alt=\"\" aria-describedby=\"gallery-1-11960\" srcset=\"https:\/\/www.damianzimmermann.de\/blog\/wp-content\/uploads\/dijkstra_ruth_drawing_picasso.jpg 900w, https:\/\/www.damianzimmermann.de\/blog\/wp-content\/uploads\/dijkstra_ruth_drawing_picasso-200x112.jpg 200w, https:\/\/www.damianzimmermann.de\/blog\/wp-content\/uploads\/dijkstra_ruth_drawing_picasso-400x224.jpg 400w\" sizes=\"auto, (max-width: 620px) 100vw, 620px\" \/>\n\t\t\t<\/dt>\n\t\t\t\t<dd class='wp-caption-text gallery-caption' id='gallery-1-11960'>\n\t\t\t\tRineke Dijkstra, Still aus &#8222;Ruth drawing Picasso&#8220;\n\t\t\t\t<\/dd><\/dl><br style=\"clear: both\" \/><dl class='gallery-item'>\n\t\t\t<dt class='gallery-icon landscape'>\n\t\t\t\t<img loading=\"lazy\" decoding=\"async\" width=\"620\" height=\"413\" src=\"https:\/\/www.damianzimmermann.de\/blog\/wp-content\/uploads\/dijkstra_buzzclub1.jpg\" class=\"attachment-large size-large\" alt=\"\" aria-describedby=\"gallery-1-11957\" srcset=\"https:\/\/www.damianzimmermann.de\/blog\/wp-content\/uploads\/dijkstra_buzzclub1.jpg 900w, https:\/\/www.damianzimmermann.de\/blog\/wp-content\/uploads\/dijkstra_buzzclub1-200x133.jpg 200w, https:\/\/www.damianzimmermann.de\/blog\/wp-content\/uploads\/dijkstra_buzzclub1-400x266.jpg 400w\" sizes=\"auto, (max-width: 620px) 100vw, 620px\" \/>\n\t\t\t<\/dt>\n\t\t\t\t<dd class='wp-caption-text gallery-caption' id='gallery-1-11957'>\n\t\t\t\tRineke Dijkstra, Installationsansicht &#8222;The Buzz Club&#8220; \u00a9 Axel Schneider, Frankfurt am Main\n\t\t\t\t<\/dd><\/dl><br style=\"clear: both\" \/><dl class='gallery-item'>\n\t\t\t<dt class='gallery-icon landscape'>\n\t\t\t\t<img loading=\"lazy\" decoding=\"async\" width=\"620\" height=\"413\" src=\"https:\/\/www.damianzimmermann.de\/blog\/wp-content\/uploads\/dijkstra_krazyhouse_nicky_01.jpg\" class=\"attachment-large size-large\" alt=\"\" aria-describedby=\"gallery-1-11959\" srcset=\"https:\/\/www.damianzimmermann.de\/blog\/wp-content\/uploads\/dijkstra_krazyhouse_nicky_01.jpg 900w, https:\/\/www.damianzimmermann.de\/blog\/wp-content\/uploads\/dijkstra_krazyhouse_nicky_01-200x133.jpg 200w, https:\/\/www.damianzimmermann.de\/blog\/wp-content\/uploads\/dijkstra_krazyhouse_nicky_01-400x266.jpg 400w\" sizes=\"auto, (max-width: 620px) 100vw, 620px\" \/>\n\t\t\t<\/dt>\n\t\t\t\t<dd class='wp-caption-text gallery-caption' id='gallery-1-11959'>\n\t\t\t\tRineke Dijkstra, Installationsansicht &#8222;The Krazyhouse&#8220; &#8211; Nicky \u00a9 Axel Schneider, Frankfurt am Main\n\t\t\t\t<\/dd><\/dl><br style=\"clear: both\" \/><dl class='gallery-item'>\n\t\t\t<dt class='gallery-icon landscape'>\n\t\t\t\t<img loading=\"lazy\" decoding=\"async\" width=\"620\" height=\"417\" src=\"https:\/\/www.damianzimmermann.de\/blog\/wp-content\/uploads\/krazy_installationsansicht4.jpg\" class=\"attachment-large size-large\" alt=\"\" aria-describedby=\"gallery-1-11964\" srcset=\"https:\/\/www.damianzimmermann.de\/blog\/wp-content\/uploads\/krazy_installationsansicht4.jpg 900w, https:\/\/www.damianzimmermann.de\/blog\/wp-content\/uploads\/krazy_installationsansicht4-200x134.jpg 200w, https:\/\/www.damianzimmermann.de\/blog\/wp-content\/uploads\/krazy_installationsansicht4-400x268.jpg 400w\" sizes=\"auto, (max-width: 620px) 100vw, 620px\" \/>\n\t\t\t<\/dt>\n\t\t\t\t<dd class='wp-caption-text gallery-caption' id='gallery-1-11964'>\n\t\t\t\tRineke Dijkstra, Installationsansicht &#8222;Almerisa&#8220; \u00a9 Axel Schneider, Frankfurt am Main\n\t\t\t\t<\/dd><\/dl><br style=\"clear: both\" \/><dl class='gallery-item'>\n\t\t\t<dt class='gallery-icon portrait'>\n\t\t\t\t<img loading=\"lazy\" decoding=\"async\" width=\"620\" height=\"768\" src=\"https:\/\/www.damianzimmermann.de\/blog\/wp-content\/uploads\/dijkstra_almerisa_2.jpg\" class=\"attachment-large size-large\" alt=\"\" aria-describedby=\"gallery-1-11956\" srcset=\"https:\/\/www.damianzimmermann.de\/blog\/wp-content\/uploads\/dijkstra_almerisa_2.jpg 727w, https:\/\/www.damianzimmermann.de\/blog\/wp-content\/uploads\/dijkstra_almerisa_2-121x150.jpg 121w, https:\/\/www.damianzimmermann.de\/blog\/wp-content\/uploads\/dijkstra_almerisa_2-323x400.jpg 323w\" sizes=\"auto, (max-width: 620px) 100vw, 620px\" \/>\n\t\t\t<\/dt>\n\t\t\t\t<dd class='wp-caption-text gallery-caption' id='gallery-1-11956'>\n\t\t\t\tRineke Dijkstra, aus der Serie &#8222;Almerisa&#8220;\n\t\t\t\t<\/dd><\/dl><br style=\"clear: both\" \/><dl class='gallery-item'>\n\t\t\t<dt class='gallery-icon landscape'>\n\t\t\t\t<img loading=\"lazy\" decoding=\"async\" width=\"620\" height=\"413\" src=\"https:\/\/www.damianzimmermann.de\/blog\/wp-content\/uploads\/dijsktra_I_can_see.jpg\" class=\"attachment-large size-large\" alt=\"\" aria-describedby=\"gallery-1-11961\" srcset=\"https:\/\/www.damianzimmermann.de\/blog\/wp-content\/uploads\/dijsktra_I_can_see.jpg 900w, https:\/\/www.damianzimmermann.de\/blog\/wp-content\/uploads\/dijsktra_I_can_see-200x133.jpg 200w, https:\/\/www.damianzimmermann.de\/blog\/wp-content\/uploads\/dijsktra_I_can_see-400x266.jpg 400w\" sizes=\"auto, (max-width: 620px) 100vw, 620px\" \/>\n\t\t\t<\/dt>\n\t\t\t\t<dd class='wp-caption-text gallery-caption' id='gallery-1-11961'>\n\t\t\t\tRineke Dijkstra, Installationsansicht &#8222;I can see&#8220; \u00a9 Axel Schneider, Frankfurt am Main\n\t\t\t\t<\/dd><\/dl><br style=\"clear: both\" \/><dl class='gallery-item'>\n\t\t\t<dt class='gallery-icon portrait'>\n\t\t\t\t<img loading=\"lazy\" decoding=\"async\" width=\"598\" height=\"900\" src=\"https:\/\/www.damianzimmermann.de\/blog\/wp-content\/uploads\/Kaap_RinekeDijkstra2012_02_DSC1833_300dpi.jpg\" class=\"attachment-large size-large\" alt=\"\" aria-describedby=\"gallery-1-11962\" srcset=\"https:\/\/www.damianzimmermann.de\/blog\/wp-content\/uploads\/Kaap_RinekeDijkstra2012_02_DSC1833_300dpi.jpg 598w, https:\/\/www.damianzimmermann.de\/blog\/wp-content\/uploads\/Kaap_RinekeDijkstra2012_02_DSC1833_300dpi-99x150.jpg 99w, https:\/\/www.damianzimmermann.de\/blog\/wp-content\/uploads\/Kaap_RinekeDijkstra2012_02_DSC1833_300dpi-265x400.jpg 265w\" sizes=\"auto, (max-width: 598px) 100vw, 598px\" \/>\n\t\t\t<\/dt>\n\t\t\t\t<dd class='wp-caption-text gallery-caption' id='gallery-1-11962'>\n\t\t\t\tRineke Dijkstra, 2012\n\t\t\t\t<\/dd><\/dl><br style=\"clear: both\" \/>\n\t\t<\/div>\n\n","protected":false},"excerpt":{"rendered":"<p>Das Museum f\u00fcr Moderne Kunst in Frankfurt, kurz MMK, zeigt in der gro\u00dfangelegten Ausstellung &#8222;The Krazy House&#8220; erstmals alle Videoarbeiten der vor allem als Fotografin bekannten Niederl\u00e4nderin Rineke&#8230;<\/p>\n","protected":false},"author":1,"featured_media":11958,"comment_status":"closed","ping_status":"open","sticky":false,"template":"","format":"standard","meta":{"footnotes":""},"categories":[6],"tags":[595,611,1008],"class_list":["post-11933","post","type-post","status-publish","format-standard","has-post-thumbnail","hentry","category-ausstellungen","tag-andy-warhol","tag-jeff-wall","tag-rineke-dijkstra"],"_links":{"self":[{"href":"https:\/\/www.damianzimmermann.de\/blog\/wp-json\/wp\/v2\/posts\/11933","targetHints":{"allow":["GET"]}}],"collection":[{"href":"https:\/\/www.damianzimmermann.de\/blog\/wp-json\/wp\/v2\/posts"}],"about":[{"href":"https:\/\/www.damianzimmermann.de\/blog\/wp-json\/wp\/v2\/types\/post"}],"author":[{"embeddable":true,"href":"https:\/\/www.damianzimmermann.de\/blog\/wp-json\/wp\/v2\/users\/1"}],"replies":[{"embeddable":true,"href":"https:\/\/www.damianzimmermann.de\/blog\/wp-json\/wp\/v2\/comments?post=11933"}],"version-history":[{"count":32,"href":"https:\/\/www.damianzimmermann.de\/blog\/wp-json\/wp\/v2\/posts\/11933\/revisions"}],"predecessor-version":[{"id":20345,"href":"https:\/\/www.damianzimmermann.de\/blog\/wp-json\/wp\/v2\/posts\/11933\/revisions\/20345"}],"wp:featuredmedia":[{"embeddable":true,"href":"https:\/\/www.damianzimmermann.de\/blog\/wp-json\/wp\/v2\/media\/11958"}],"wp:attachment":[{"href":"https:\/\/www.damianzimmermann.de\/blog\/wp-json\/wp\/v2\/media?parent=11933"}],"wp:term":[{"taxonomy":"category","embeddable":true,"href":"https:\/\/www.damianzimmermann.de\/blog\/wp-json\/wp\/v2\/categories?post=11933"},{"taxonomy":"post_tag","embeddable":true,"href":"https:\/\/www.damianzimmermann.de\/blog\/wp-json\/wp\/v2\/tags?post=11933"}],"curies":[{"name":"wp","href":"https:\/\/api.w.org\/{rel}","templated":true}]}}