{"id":11888,"date":"2013-03-28T21:45:52","date_gmt":"2013-03-28T20:45:52","guid":{"rendered":"http:\/\/www.damianzimmermann.de\/blog\/?p=11888"},"modified":"2019-03-25T12:03:35","modified_gmt":"2019-03-25T11:03:35","slug":"gebirgsfotografie-fruher-und-heute","status":"publish","type":"post","link":"https:\/\/www.damianzimmermann.de\/blog\/gebirgsfotografie-fruher-und-heute\/","title":{"rendered":"Gebirgsfotografie fr\u00fcher und heute"},"content":{"rendered":"<p>In der neuen Ausgabe der <strong>Photonews <\/strong>habe ich zwei aktuelle B\u00fccher von Fotografen vorgestellt, die sich beide mit der Hochgebirgsfotografie auseinandersetzen &#8211; allerdings zu sehr unterschiedlichen Zeiten. Bei &#8222;<strong>Jules Beck<\/strong> &#8211; Der erste Schweizer Hochgebirgsfotograf&#8220; verr\u00e4t der Titel bereits viel \u00fcber den Inhalt, und die Aufnahmen Becks waren allein deshalb schon etwas Besonderes, weil Ende des 19. Jahrhunderts kaum jemand in H\u00f6hen \u00fcber 4000 Meter mit einer Kamera unterwegs war.<\/p>\n<p>Das Buch &#8222;The Aspen Series&#8220; stammt hingegen von <strong>Walter Niedermayr<\/strong>, spielt im Hier und Jetzt und stellt das Gegenteil von Beck dar: Das Hochgebirge ist nicht l\u00e4nger etwas f\u00fcr Extremsportler, sondern dient l\u00e4ngst als Kulisse f\u00fcr den Masssentourismus mit seinen Folgen.<\/p>\n<p>Meinen Text gibt es\u00a0<a href=\"https:\/\/www.damianzimmermann.de\/blog\/wp-content\/uploads\/Photonews-4-13-Buecher-S.22.pdf\" target=\"_blank\" rel=\"noopener noreferrer\">hier<\/a> als PDF.<\/p>\n<p>Link: <a href=\"http:\/\/www.scheidegger-spiess.ch\/index.php?lang=de&amp;page=books&amp;view=co&amp;booktype=order_1_releasedate&amp;subject=1&amp;artist=all&amp;author=all&amp;pd=ss&amp;book=447\" target=\"_blank\" rel=\"noopener noreferrer\">Scheidegger &amp; Spiess<\/a>, <a href=\"http:\/\/www.hatjecantz.de\/controller.php?cmd=detail&amp;titzif=00003212\" target=\"_blank\" rel=\"noopener noreferrer\">Hatje Cantz<\/a><\/p>\n\n\t\t<style type=\"text\/css\">\n\t\t\t#gallery-1 {\n\t\t\t\tmargin: auto;\n\t\t\t}\n\t\t\t#gallery-1 .gallery-item {\n\t\t\t\tfloat: left;\n\t\t\t\tmargin-top: 10px;\n\t\t\t\ttext-align: center;\n\t\t\t\twidth: 100%;\n\t\t\t}\n\t\t\t#gallery-1 img {\n\t\t\t\tborder: 2px solid #cfcfcf;\n\t\t\t}\n\t\t\t#gallery-1 .gallery-caption {\n\t\t\t\tmargin-left: 0;\n\t\t\t}\n\t\t\t\/* see gallery_shortcode() in wp-includes\/media.php *\/\n\t\t<\/style>\n\t\t<div id='gallery-1' class='gallery galleryid-11888 gallery-columns-1 gallery-size-large'><dl class='gallery-item'>\n\t\t\t<dt class='gallery-icon portrait'>\n\t\t\t\t<img loading=\"lazy\" decoding=\"async\" width=\"620\" height=\"702\" src=\"https:\/\/www.damianzimmermann.de\/blog\/wp-content\/uploads\/Aspen-Series.jpg\" class=\"attachment-large size-large\" alt=\"\" aria-describedby=\"gallery-1-11924\" srcset=\"https:\/\/www.damianzimmermann.de\/blog\/wp-content\/uploads\/Aspen-Series.jpg 626w, https:\/\/www.damianzimmermann.de\/blog\/wp-content\/uploads\/Aspen-Series-132x150.jpg 132w, https:\/\/www.damianzimmermann.de\/blog\/wp-content\/uploads\/Aspen-Series-353x400.jpg 353w\" sizes=\"auto, (max-width: 620px) 100vw, 620px\" \/>\n\t\t\t<\/dt>\n\t\t\t\t<dd class='wp-caption-text gallery-caption' id='gallery-1-11924'>\n\t\t\t\tWalter Niedermayr: &#8222;The Aspen Series&#8220; &#8211; Cover\n\t\t\t\t<\/dd><\/dl><br style=\"clear: both\" \/><dl class='gallery-item'>\n\t\t\t<dt class='gallery-icon landscape'>\n\t\t\t\t<img loading=\"lazy\" decoding=\"async\" width=\"620\" height=\"387\" src=\"https:\/\/www.damianzimmermann.de\/blog\/wp-content\/uploads\/Aspen-25-2009.jpg\" class=\"attachment-large size-large\" alt=\"\" aria-describedby=\"gallery-1-11921\" srcset=\"https:\/\/www.damianzimmermann.de\/blog\/wp-content\/uploads\/Aspen-25-2009.jpg 1000w, https:\/\/www.damianzimmermann.de\/blog\/wp-content\/uploads\/Aspen-25-2009-200x124.jpg 200w, https:\/\/www.damianzimmermann.de\/blog\/wp-content\/uploads\/Aspen-25-2009-400x249.jpg 400w\" sizes=\"auto, (max-width: 620px) 100vw, 620px\" \/>\n\t\t\t<\/dt>\n\t\t\t\t<dd class='wp-caption-text gallery-caption' id='gallery-1-11921'>\n\t\t\t\tWalter Niedermayr, aus dem Buch &#8222;The Aspen Series&#8220;\n\t\t\t\t<\/dd><\/dl><br style=\"clear: both\" \/><dl class='gallery-item'>\n\t\t\t<dt class='gallery-icon landscape'>\n\t\t\t\t<img loading=\"lazy\" decoding=\"async\" width=\"620\" height=\"387\" src=\"https:\/\/www.damianzimmermann.de\/blog\/wp-content\/uploads\/Aspen-32-2009.jpg\" class=\"attachment-large size-large\" alt=\"\" aria-describedby=\"gallery-1-11922\" srcset=\"https:\/\/www.damianzimmermann.de\/blog\/wp-content\/uploads\/Aspen-32-2009.jpg 1000w, https:\/\/www.damianzimmermann.de\/blog\/wp-content\/uploads\/Aspen-32-2009-200x124.jpg 200w, https:\/\/www.damianzimmermann.de\/blog\/wp-content\/uploads\/Aspen-32-2009-400x249.jpg 400w\" sizes=\"auto, (max-width: 620px) 100vw, 620px\" \/>\n\t\t\t<\/dt>\n\t\t\t\t<dd class='wp-caption-text gallery-caption' id='gallery-1-11922'>\n\t\t\t\tWalter Niedermayr, aus dem Buch &#8222;The Aspen Series&#8220;\n\t\t\t\t<\/dd><\/dl><br style=\"clear: both\" \/><dl class='gallery-item'>\n\t\t\t<dt class='gallery-icon landscape'>\n\t\t\t\t<img loading=\"lazy\" decoding=\"async\" width=\"620\" height=\"387\" src=\"https:\/\/www.damianzimmermann.de\/blog\/wp-content\/uploads\/Aspen-77-2009.jpg\" class=\"attachment-large size-large\" alt=\"\" aria-describedby=\"gallery-1-11923\" srcset=\"https:\/\/www.damianzimmermann.de\/blog\/wp-content\/uploads\/Aspen-77-2009.jpg 1000w, https:\/\/www.damianzimmermann.de\/blog\/wp-content\/uploads\/Aspen-77-2009-200x124.jpg 200w, https:\/\/www.damianzimmermann.de\/blog\/wp-content\/uploads\/Aspen-77-2009-400x249.jpg 400w\" sizes=\"auto, (max-width: 620px) 100vw, 620px\" \/>\n\t\t\t<\/dt>\n\t\t\t\t<dd class='wp-caption-text gallery-caption' id='gallery-1-11923'>\n\t\t\t\tWalter Niedermayr, aus dem Buch &#8222;The Aspen Series&#8220;\n\t\t\t\t<\/dd><\/dl><br style=\"clear: both\" \/><dl class='gallery-item'>\n\t\t\t<dt class='gallery-icon portrait'>\n\t\t\t\t<img loading=\"lazy\" decoding=\"async\" width=\"620\" height=\"782\" src=\"https:\/\/www.damianzimmermann.de\/blog\/wp-content\/uploads\/Jules-Beck-Cover.jpg\" class=\"attachment-large size-large\" alt=\"\" aria-describedby=\"gallery-1-11926\" srcset=\"https:\/\/www.damianzimmermann.de\/blog\/wp-content\/uploads\/Jules-Beck-Cover.jpg 714w, https:\/\/www.damianzimmermann.de\/blog\/wp-content\/uploads\/Jules-Beck-Cover-119x150.jpg 119w, https:\/\/www.damianzimmermann.de\/blog\/wp-content\/uploads\/Jules-Beck-Cover-317x400.jpg 317w\" sizes=\"auto, (max-width: 620px) 100vw, 620px\" \/>\n\t\t\t<\/dt>\n\t\t\t\t<dd class='wp-caption-text gallery-caption' id='gallery-1-11926'>\n\t\t\t\tJules Beck: &#8222;Der erste Schweizer Hochgebirgsfotograf&#8220; &#8211; Cover\n\t\t\t\t<\/dd><\/dl><br style=\"clear: both\" \/><dl class='gallery-item'>\n\t\t\t<dt class='gallery-icon landscape'>\n\t\t\t\t<img loading=\"lazy\" decoding=\"async\" width=\"620\" height=\"466\" src=\"https:\/\/www.damianzimmermann.de\/blog\/wp-content\/uploads\/Jules-Beck_p-185.jpg\" class=\"attachment-large size-large\" alt=\"\" aria-describedby=\"gallery-1-11928\" srcset=\"https:\/\/www.damianzimmermann.de\/blog\/wp-content\/uploads\/Jules-Beck_p-185.jpg 900w, https:\/\/www.damianzimmermann.de\/blog\/wp-content\/uploads\/Jules-Beck_p-185-199x150.jpg 199w, https:\/\/www.damianzimmermann.de\/blog\/wp-content\/uploads\/Jules-Beck_p-185-400x300.jpg 400w\" sizes=\"auto, (max-width: 620px) 100vw, 620px\" \/>\n\t\t\t<\/dt>\n\t\t\t\t<dd class='wp-caption-text gallery-caption' id='gallery-1-11928'>\n\t\t\t\tJules Beck, aus &#8222;Der erste Schweizer Hochgebirgsfotograf&#8220;\n\t\t\t\t<\/dd><\/dl><br style=\"clear: both\" \/><dl class='gallery-item'>\n\t\t\t<dt class='gallery-icon landscape'>\n\t\t\t\t<img loading=\"lazy\" decoding=\"async\" width=\"620\" height=\"457\" src=\"https:\/\/www.damianzimmermann.de\/blog\/wp-content\/uploads\/Jules-Beck_p-038-039.jpg\" class=\"attachment-large size-large\" alt=\"\" aria-describedby=\"gallery-1-11927\" srcset=\"https:\/\/www.damianzimmermann.de\/blog\/wp-content\/uploads\/Jules-Beck_p-038-039.jpg 900w, https:\/\/www.damianzimmermann.de\/blog\/wp-content\/uploads\/Jules-Beck_p-038-039-200x147.jpg 200w, https:\/\/www.damianzimmermann.de\/blog\/wp-content\/uploads\/Jules-Beck_p-038-039-400x294.jpg 400w\" sizes=\"auto, (max-width: 620px) 100vw, 620px\" \/>\n\t\t\t<\/dt>\n\t\t\t\t<dd class='wp-caption-text gallery-caption' id='gallery-1-11927'>\n\t\t\t\tJules Beck, aus &#8222;Der erste Schweizer Hochgebirgsfotograf&#8220;\n\t\t\t\t<\/dd><\/dl><br style=\"clear: both\" \/><dl class='gallery-item'>\n\t\t\t<dt class='gallery-icon landscape'>\n\t\t\t\t<img loading=\"lazy\" decoding=\"async\" width=\"620\" height=\"451\" src=\"https:\/\/www.damianzimmermann.de\/blog\/wp-content\/uploads\/Jules-Beck_p-196.jpg\" class=\"attachment-large size-large\" alt=\"\" aria-describedby=\"gallery-1-11929\" srcset=\"https:\/\/www.damianzimmermann.de\/blog\/wp-content\/uploads\/Jules-Beck_p-196.jpg 900w, https:\/\/www.damianzimmermann.de\/blog\/wp-content\/uploads\/Jules-Beck_p-196-200x145.jpg 200w, https:\/\/www.damianzimmermann.de\/blog\/wp-content\/uploads\/Jules-Beck_p-196-400x291.jpg 400w\" sizes=\"auto, (max-width: 620px) 100vw, 620px\" \/>\n\t\t\t<\/dt>\n\t\t\t\t<dd class='wp-caption-text gallery-caption' id='gallery-1-11929'>\n\t\t\t\tJules Beck, aus &#8222;Der erste Schweizer Hochgebirgsfotograf&#8220;\n\t\t\t\t<\/dd><\/dl><br style=\"clear: both\" \/>\n\t\t<\/div>\n\n","protected":false},"excerpt":{"rendered":"<p>In der neuen Ausgabe der Photonews habe ich zwei aktuelle B\u00fccher von Fotografen vorgestellt, die sich beide mit der Hochgebirgsfotografie auseinandersetzen &#8211; allerdings zu sehr unterschiedlichen Zeiten. Bei&#8230;<\/p>\n","protected":false},"author":1,"featured_media":11926,"comment_status":"closed","ping_status":"open","sticky":false,"template":"","format":"standard","meta":{"footnotes":""},"categories":[7],"tags":[1007,561],"class_list":["post-11888","post","type-post","status-publish","format-standard","has-post-thumbnail","hentry","category-fotobuecher","tag-jules-beck","tag-walter-niedermayr"],"_links":{"self":[{"href":"https:\/\/www.damianzimmermann.de\/blog\/wp-json\/wp\/v2\/posts\/11888","targetHints":{"allow":["GET"]}}],"collection":[{"href":"https:\/\/www.damianzimmermann.de\/blog\/wp-json\/wp\/v2\/posts"}],"about":[{"href":"https:\/\/www.damianzimmermann.de\/blog\/wp-json\/wp\/v2\/types\/post"}],"author":[{"embeddable":true,"href":"https:\/\/www.damianzimmermann.de\/blog\/wp-json\/wp\/v2\/users\/1"}],"replies":[{"embeddable":true,"href":"https:\/\/www.damianzimmermann.de\/blog\/wp-json\/wp\/v2\/comments?post=11888"}],"version-history":[{"count":33,"href":"https:\/\/www.damianzimmermann.de\/blog\/wp-json\/wp\/v2\/posts\/11888\/revisions"}],"predecessor-version":[{"id":20346,"href":"https:\/\/www.damianzimmermann.de\/blog\/wp-json\/wp\/v2\/posts\/11888\/revisions\/20346"}],"wp:featuredmedia":[{"embeddable":true,"href":"https:\/\/www.damianzimmermann.de\/blog\/wp-json\/wp\/v2\/media\/11926"}],"wp:attachment":[{"href":"https:\/\/www.damianzimmermann.de\/blog\/wp-json\/wp\/v2\/media?parent=11888"}],"wp:term":[{"taxonomy":"category","embeddable":true,"href":"https:\/\/www.damianzimmermann.de\/blog\/wp-json\/wp\/v2\/categories?post=11888"},{"taxonomy":"post_tag","embeddable":true,"href":"https:\/\/www.damianzimmermann.de\/blog\/wp-json\/wp\/v2\/tags?post=11888"}],"curies":[{"name":"wp","href":"https:\/\/api.w.org\/{rel}","templated":true}]}}