{"id":11808,"date":"2013-03-20T08:50:40","date_gmt":"2013-03-20T07:50:40","guid":{"rendered":"http:\/\/www.damianzimmermann.de\/blog\/?p=11808"},"modified":"2019-03-25T12:04:50","modified_gmt":"2019-03-25T11:04:50","slug":"out-of-focus-von-peter-olpe","status":"publish","type":"post","link":"https:\/\/www.damianzimmermann.de\/blog\/out-of-focus-von-peter-olpe\/","title":{"rendered":"&#8222;Out of Focus&#8220; von Peter Olpe"},"content":{"rendered":"<p>Das Design des Buches ist so schlicht wie das einer selbstgebauten Camera Obscura &#8211; der Buchblock ist nackt und zeigt die gebundenen Seiten, die graue Pappe des Covers k\u00f6nnte (sieht man einmal von der Pr\u00e4gung des Titels ab) funktionaler kaum sein. Dennoch hat es ein Highlight versteckt &#8211; ein klitzekleines Highlight, m\u00f6chte ich sagen, denn der Titel hat in der Mitte eine zwei Zentimeter gro\u00dfe, kreisrunde \u00d6ffnung, in der wiederum eine schwarze Lochblende eingelassen wurde &#8211; theoretisch k\u00f6nnte man dadurch also fotografieren. Das braucht man aber nicht, denn das haben schon drei Dutzend andere Fotografen f\u00fcr uns gemacht. Aber der Reihe nach.<\/p>\n<p>25 Jahre lang hat der Schweizer Grafiker <strong>Peter Olpe<\/strong> Lochkameras entworfen, gebaut und zeitweise auch vertrieben. Bei den Renovierungsplanungen f\u00fcr sein Haus stellte er sich 2008 schlie\u00dflich die Frage, was mit den ganzen schwarzen K\u00e4sten in seinen Schr\u00e4nken geschehen soll. Auf der einen Seite nehmen sie nur Platz weg, auf der anderen Seite konnte er sich nur schwer mit dem Gedanken anfreunden, dass sie nach seinem Tod m\u00f6glicherweise einfach so in der &#8222;Kehrichtverbrennung&#8220; entsorgt werden w\u00fcrden (obwohl sie seiner Meinung nach bestimmt &#8222;hervorragend brennen&#8220; w\u00fcrden). Also fasste er sich ein Herz und fragte im <strong>Mus\u00e9e suisse de l&#8217;appareil photographique<\/strong> in Vevey nach, ob sie vielleicht Interesse h\u00e4tten, seine bescheidenen Kameras in ihrer Sammlung aufzunehmen. Und das hatten sie. Und sogar mehr, denn die Direktoren <strong>Pascale Bonnard<\/strong> und <strong>Jean-Marc Yersin<\/strong> boten Olpe sogar an, eine Ausstellung mit seinen Kameras zu machen. Und weil Olpe ja zus\u00e4tzlich Grafiker ist, bot er an, den Katalog zur Ausstellung selbst zu gestalten.<\/p>\n<p>Dies alles w\u00e4re nun eine feine, aber nicht weiter aufregende Anekdote \u00fcber die Hintergr\u00fcnde einer Ausstellung. Doch Peter Olpe wollte noch mehr. &#8222;Geben bekannte Hersteller [&#8230;] nicht auch B\u00fccher heraus, die dokumentieren, was bedeutende Fotografen mit ihren Produkten anstellen? Wenn ich schon einmal &#8211; wenn auch nur kurz &#8211; dazugeh\u00f6rt habe, m\u00f6chte ich auch so ein Buch mit Bildern, die Fotografen und K\u00fcnstler mit meinen Kameras realisiert haben&#8220;, sagt er in selbstironischer Bescheidenheit in seinem sehr lesenswerten Vorwort zum Buch &#8222;Out of Focus&#8220;.\u00a0 Mit 36 Gestaltern, K\u00fcnstlern und Fotografen ging er deswegen einen Tauschhandel ein (\u00fcbrigens ganz \u00e4hnlich wie es beispielsweise fr\u00fcher <a href=\"https:\/\/www.damianzimmermann.de\/blog\/?p=8871\" target=\"_blank\" rel=\"noopener noreferrer\">Polaroid<\/a> gemacht hat): Jeder bekam eine von Olpe selbst hergestellte Lochkamera und konnte sie auch behalten, wenn er im Gegenzug mit dieser Kamera eine kleine Serie von mindestens drei Bildern aufnimmt, die Olpe f\u00fcr seinen Ausstellungskatalog verwenden darf. Die Teilnehmerliste ist dabei durchaus interessant und vor allem sehr gemischt. Mit dabei sind unter anderem <strong>Georg Aerni<\/strong>, <strong>Alec Soth<\/strong> (von dem nur ein einziges Bild zu sehen ist),<strong>Volkmar Herre<\/strong>, das Duo <strong>Taiyo Onorato\/Nico Krebs<\/strong>, <strong>Marc R\u00e4der<\/strong>, <strong>Jo\u00ebl Tettamanti<\/strong>,\u00a0 <strong>Oliviero Toscani<\/strong>, <strong>Christian Vogt<\/strong> (der gleich drei Kameras erhalten hat) und <strong>Herlinde Koelbl<\/strong>.<\/p>\n<p>Unter den Bildstrecken findet man jeweils eine Biografie, einen kurzen Text sowie ein Foto der Kamera, mit der die Bilder aufgenommen worden sind, samt &#8222;Datenblatt&#8220;. Das ist insofern interessant, weil Hobbyfotografen sich ja meistens nur \u00fcber genau diese Daten austauschen, selten aber \u00fcber Bildgestaltung und -konzeption. In diesem Fall macht es aber Sinn, weil die Kameras erstens sch\u00f6n und skurril und extrem zugleich sind (eine Blende von 1:190 kommt in der klassischen Fotografie ja eher selten vor) und sie zweitens nat\u00fcrlich gro\u00dfen Einfluss auf das Bild selbst haben. Letztlich bleibt es aber beim Nutzer selbst, was er daraus macht &#8211; und da ist die Bandbreite auch in diesem Buch gewaltig.<\/p>\n<p>Dar\u00fcber hinaus gibt es diverse Statements und zahlreiche Abbildungen der Kameras, die Olpe dem Museum vermacht hat. Allein die sind schon aufregend anzuschauen, weil sie so archaisch und individuell und vor allem extrem einfach sind.<\/p>\n<p>Das Buch &#8222;Out of Focus&#8220; ist im Schweizer <strong>Niggli Verlag<\/strong> erschienen. Es zeigt rund 850 Fotografien auf 432 Seiten und kostet 62 Euro.<\/p>\n<p>Link: <a href=\"http:\/\/www.niggli.ch\/buecher\/items.php?cat=3\" target=\"_blank\" rel=\"noopener noreferrer\">Niggli<\/a>, <a href=\"http:\/\/www.cameramuseum.ch\/de\/N3201\/.html\" target=\"_blank\" rel=\"noopener noreferrer\">Cameramuseum Vevey<\/a><\/p>\n\n\t\t<style type=\"text\/css\">\n\t\t\t#gallery-1 {\n\t\t\t\tmargin: auto;\n\t\t\t}\n\t\t\t#gallery-1 .gallery-item {\n\t\t\t\tfloat: left;\n\t\t\t\tmargin-top: 10px;\n\t\t\t\ttext-align: center;\n\t\t\t\twidth: 100%;\n\t\t\t}\n\t\t\t#gallery-1 img {\n\t\t\t\tborder: 2px solid #cfcfcf;\n\t\t\t}\n\t\t\t#gallery-1 .gallery-caption {\n\t\t\t\tmargin-left: 0;\n\t\t\t}\n\t\t\t\/* see gallery_shortcode() in wp-includes\/media.php *\/\n\t\t<\/style>\n\t\t<div id='gallery-1' class='gallery galleryid-11808 gallery-columns-1 gallery-size-large'><dl class='gallery-item'>\n\t\t\t<dt class='gallery-icon portrait'>\n\t\t\t\t<img loading=\"lazy\" decoding=\"async\" width=\"620\" height=\"765\" src=\"https:\/\/www.damianzimmermann.de\/blog\/wp-content\/uploads\/Out-of-Focus-aufrecht.jpg\" class=\"attachment-large size-large\" alt=\"\" aria-describedby=\"gallery-1-11854\" srcset=\"https:\/\/www.damianzimmermann.de\/blog\/wp-content\/uploads\/Out-of-Focus-aufrecht.jpg 729w, https:\/\/www.damianzimmermann.de\/blog\/wp-content\/uploads\/Out-of-Focus-aufrecht-121x150.jpg 121w, https:\/\/www.damianzimmermann.de\/blog\/wp-content\/uploads\/Out-of-Focus-aufrecht-324x400.jpg 324w\" sizes=\"auto, (max-width: 620px) 100vw, 620px\" \/>\n\t\t\t<\/dt>\n\t\t\t\t<dd class='wp-caption-text gallery-caption' id='gallery-1-11854'>\n\t\t\t\t&#8222;Out of Focus&#8220; &#8211; Cover\n\t\t\t\t<\/dd><\/dl><br style=\"clear: both\" \/><dl class='gallery-item'>\n\t\t\t<dt class='gallery-icon landscape'>\n\t\t\t\t<img loading=\"lazy\" decoding=\"async\" width=\"620\" height=\"589\" src=\"https:\/\/www.damianzimmermann.de\/blog\/wp-content\/uploads\/Thomas-Bachler-3-.jpg\" class=\"attachment-large size-large\" alt=\"\" aria-describedby=\"gallery-1-11855\" srcset=\"https:\/\/www.damianzimmermann.de\/blog\/wp-content\/uploads\/Thomas-Bachler-3-.jpg 900w, https:\/\/www.damianzimmermann.de\/blog\/wp-content\/uploads\/Thomas-Bachler-3--157x150.jpg 157w, https:\/\/www.damianzimmermann.de\/blog\/wp-content\/uploads\/Thomas-Bachler-3--400x380.jpg 400w\" sizes=\"auto, (max-width: 620px) 100vw, 620px\" \/>\n\t\t\t<\/dt>\n\t\t\t\t<dd class='wp-caption-text gallery-caption' id='gallery-1-11855'>\n\t\t\t\tThomas Bachler, aus dem Buch &#8222;Out of Focus&#8220;\n\t\t\t\t<\/dd><\/dl><br style=\"clear: both\" \/><dl class='gallery-item'>\n\t\t\t<dt class='gallery-icon landscape'>\n\t\t\t\t<img loading=\"lazy\" decoding=\"async\" width=\"620\" height=\"588\" src=\"https:\/\/www.damianzimmermann.de\/blog\/wp-content\/uploads\/Thomas-Bachler-4-.jpg\" class=\"attachment-large size-large\" alt=\"\" aria-describedby=\"gallery-1-11856\" srcset=\"https:\/\/www.damianzimmermann.de\/blog\/wp-content\/uploads\/Thomas-Bachler-4-.jpg 900w, https:\/\/www.damianzimmermann.de\/blog\/wp-content\/uploads\/Thomas-Bachler-4--158x150.jpg 158w, https:\/\/www.damianzimmermann.de\/blog\/wp-content\/uploads\/Thomas-Bachler-4--400x379.jpg 400w\" sizes=\"auto, (max-width: 620px) 100vw, 620px\" \/>\n\t\t\t<\/dt>\n\t\t\t\t<dd class='wp-caption-text gallery-caption' id='gallery-1-11856'>\n\t\t\t\tThomas Bachler, aus dem Buch &#8222;Out of Focus&#8220;\n\t\t\t\t<\/dd><\/dl><br style=\"clear: both\" \/><dl class='gallery-item'>\n\t\t\t<dt class='gallery-icon landscape'>\n\t\t\t\t<img loading=\"lazy\" decoding=\"async\" width=\"620\" height=\"283\" src=\"https:\/\/www.damianzimmermann.de\/blog\/wp-content\/uploads\/Christian-Vogt-1-.jpg\" class=\"attachment-large size-large\" alt=\"\" aria-describedby=\"gallery-1-11845\" srcset=\"https:\/\/www.damianzimmermann.de\/blog\/wp-content\/uploads\/Christian-Vogt-1-.jpg 1000w, https:\/\/www.damianzimmermann.de\/blog\/wp-content\/uploads\/Christian-Vogt-1--200x91.jpg 200w, https:\/\/www.damianzimmermann.de\/blog\/wp-content\/uploads\/Christian-Vogt-1--400x182.jpg 400w\" sizes=\"auto, (max-width: 620px) 100vw, 620px\" \/>\n\t\t\t<\/dt>\n\t\t\t\t<dd class='wp-caption-text gallery-caption' id='gallery-1-11845'>\n\t\t\t\tChristian Vogt, aus dem Buch &#8222;Out of Focus&#8220;\n\t\t\t\t<\/dd><\/dl><br style=\"clear: both\" \/><dl class='gallery-item'>\n\t\t\t<dt class='gallery-icon landscape'>\n\t\t\t\t<img loading=\"lazy\" decoding=\"async\" width=\"620\" height=\"530\" src=\"https:\/\/www.damianzimmermann.de\/blog\/wp-content\/uploads\/Christian-Vogt-2-.jpg\" class=\"attachment-large size-large\" alt=\"\" aria-describedby=\"gallery-1-11846\" srcset=\"https:\/\/www.damianzimmermann.de\/blog\/wp-content\/uploads\/Christian-Vogt-2-.jpg 900w, https:\/\/www.damianzimmermann.de\/blog\/wp-content\/uploads\/Christian-Vogt-2--175x150.jpg 175w, https:\/\/www.damianzimmermann.de\/blog\/wp-content\/uploads\/Christian-Vogt-2--400x342.jpg 400w\" sizes=\"auto, (max-width: 620px) 100vw, 620px\" \/>\n\t\t\t<\/dt>\n\t\t\t\t<dd class='wp-caption-text gallery-caption' id='gallery-1-11846'>\n\t\t\t\tChristian Vogt, aus dem Buch &#8222;Out of Focus&#8220;\n\t\t\t\t<\/dd><\/dl><br style=\"clear: both\" \/><dl class='gallery-item'>\n\t\t\t<dt class='gallery-icon landscape'>\n\t\t\t\t<img loading=\"lazy\" decoding=\"async\" width=\"620\" height=\"490\" src=\"https:\/\/www.damianzimmermann.de\/blog\/wp-content\/uploads\/Christian-Vogt-3-.jpg\" class=\"attachment-large size-large\" alt=\"\" aria-describedby=\"gallery-1-11847\" srcset=\"https:\/\/www.damianzimmermann.de\/blog\/wp-content\/uploads\/Christian-Vogt-3-.jpg 900w, https:\/\/www.damianzimmermann.de\/blog\/wp-content\/uploads\/Christian-Vogt-3--189x150.jpg 189w, https:\/\/www.damianzimmermann.de\/blog\/wp-content\/uploads\/Christian-Vogt-3--400x316.jpg 400w\" sizes=\"auto, (max-width: 620px) 100vw, 620px\" \/>\n\t\t\t<\/dt>\n\t\t\t\t<dd class='wp-caption-text gallery-caption' id='gallery-1-11847'>\n\t\t\t\tChristian Vogt, aus dem Buch &#8222;Out of Focus&#8220;\n\t\t\t\t<\/dd><\/dl><br style=\"clear: both\" \/><dl class='gallery-item'>\n\t\t\t<dt class='gallery-icon landscape'>\n\t\t\t\t<img loading=\"lazy\" decoding=\"async\" width=\"620\" height=\"614\" src=\"https:\/\/www.damianzimmermann.de\/blog\/wp-content\/uploads\/Christian-Vogt-4-.jpg\" class=\"attachment-large size-large\" alt=\"\" aria-describedby=\"gallery-1-11848\" srcset=\"https:\/\/www.damianzimmermann.de\/blog\/wp-content\/uploads\/Christian-Vogt-4-.jpg 900w, https:\/\/www.damianzimmermann.de\/blog\/wp-content\/uploads\/Christian-Vogt-4--151x150.jpg 151w, https:\/\/www.damianzimmermann.de\/blog\/wp-content\/uploads\/Christian-Vogt-4--400x396.jpg 400w\" sizes=\"auto, (max-width: 620px) 100vw, 620px\" \/>\n\t\t\t<\/dt>\n\t\t\t\t<dd class='wp-caption-text gallery-caption' id='gallery-1-11848'>\n\t\t\t\tChristian Vogt, aus dem Buch &#8222;Out of Focus&#8220;\n\t\t\t\t<\/dd><\/dl><br style=\"clear: both\" \/><dl class='gallery-item'>\n\t\t\t<dt class='gallery-icon portrait'>\n\t\t\t\t<img loading=\"lazy\" decoding=\"async\" width=\"552\" height=\"900\" src=\"https:\/\/www.damianzimmermann.de\/blog\/wp-content\/uploads\/Oliviero-Toscani-2-.jpg\" class=\"attachment-large size-large\" alt=\"\" aria-describedby=\"gallery-1-11853\" srcset=\"https:\/\/www.damianzimmermann.de\/blog\/wp-content\/uploads\/Oliviero-Toscani-2-.jpg 552w, https:\/\/www.damianzimmermann.de\/blog\/wp-content\/uploads\/Oliviero-Toscani-2--92x150.jpg 92w, https:\/\/www.damianzimmermann.de\/blog\/wp-content\/uploads\/Oliviero-Toscani-2--245x400.jpg 245w\" sizes=\"auto, (max-width: 552px) 100vw, 552px\" \/>\n\t\t\t<\/dt>\n\t\t\t\t<dd class='wp-caption-text gallery-caption' id='gallery-1-11853'>\n\t\t\t\tOliviero Toscani, aus dem Buch &#8222;Out of Focus&#8220;\n\t\t\t\t<\/dd><\/dl><br style=\"clear: both\" \/><dl class='gallery-item'>\n\t\t\t<dt class='gallery-icon portrait'>\n\t\t\t\t<img loading=\"lazy\" decoding=\"async\" width=\"558\" height=\"900\" src=\"https:\/\/www.damianzimmermann.de\/blog\/wp-content\/uploads\/Oliviero-Toscani-1.jpg\" class=\"attachment-large size-large\" alt=\"\" aria-describedby=\"gallery-1-11852\" srcset=\"https:\/\/www.damianzimmermann.de\/blog\/wp-content\/uploads\/Oliviero-Toscani-1.jpg 558w, https:\/\/www.damianzimmermann.de\/blog\/wp-content\/uploads\/Oliviero-Toscani-1-93x150.jpg 93w, https:\/\/www.damianzimmermann.de\/blog\/wp-content\/uploads\/Oliviero-Toscani-1-248x400.jpg 248w\" sizes=\"auto, (max-width: 558px) 100vw, 558px\" \/>\n\t\t\t<\/dt>\n\t\t\t\t<dd class='wp-caption-text gallery-caption' id='gallery-1-11852'>\n\t\t\t\tOliviero Toscani, aus dem Buch &#8222;Out of Focus&#8220;\n\t\t\t\t<\/dd><\/dl><br style=\"clear: both\" \/><dl class='gallery-item'>\n\t\t\t<dt class='gallery-icon landscape'>\n\t\t\t\t<img loading=\"lazy\" decoding=\"async\" width=\"620\" height=\"620\" src=\"https:\/\/www.damianzimmermann.de\/blog\/wp-content\/uploads\/Georg-Aerni-3-.jpg\" class=\"attachment-large size-large\" alt=\"\" aria-describedby=\"gallery-1-11850\" srcset=\"https:\/\/www.damianzimmermann.de\/blog\/wp-content\/uploads\/Georg-Aerni-3-.jpg 900w, https:\/\/www.damianzimmermann.de\/blog\/wp-content\/uploads\/Georg-Aerni-3--150x150.jpg 150w, https:\/\/www.damianzimmermann.de\/blog\/wp-content\/uploads\/Georg-Aerni-3--400x400.jpg 400w\" sizes=\"auto, (max-width: 620px) 100vw, 620px\" \/>\n\t\t\t<\/dt>\n\t\t\t\t<dd class='wp-caption-text gallery-caption' id='gallery-1-11850'>\n\t\t\t\tGeorg Aerni, aus dem Buch &#8222;Out of Focus&#8220;\n\t\t\t\t<\/dd><\/dl><br style=\"clear: both\" \/><dl class='gallery-item'>\n\t\t\t<dt class='gallery-icon landscape'>\n\t\t\t\t<img loading=\"lazy\" decoding=\"async\" width=\"620\" height=\"620\" src=\"https:\/\/www.damianzimmermann.de\/blog\/wp-content\/uploads\/Georg-Aerni-4-.jpg\" class=\"attachment-large size-large\" alt=\"\" aria-describedby=\"gallery-1-11851\" srcset=\"https:\/\/www.damianzimmermann.de\/blog\/wp-content\/uploads\/Georg-Aerni-4-.jpg 900w, https:\/\/www.damianzimmermann.de\/blog\/wp-content\/uploads\/Georg-Aerni-4--150x150.jpg 150w, https:\/\/www.damianzimmermann.de\/blog\/wp-content\/uploads\/Georg-Aerni-4--400x400.jpg 400w\" sizes=\"auto, (max-width: 620px) 100vw, 620px\" \/>\n\t\t\t<\/dt>\n\t\t\t\t<dd class='wp-caption-text gallery-caption' id='gallery-1-11851'>\n\t\t\t\tGeorg Aerni, aus dem Buch &#8222;Out of Focus&#8220;\n\t\t\t\t<\/dd><\/dl><br style=\"clear: both\" \/><dl class='gallery-item'>\n\t\t\t<dt class='gallery-icon landscape'>\n\t\t\t\t<img loading=\"lazy\" decoding=\"async\" width=\"620\" height=\"620\" src=\"https:\/\/www.damianzimmermann.de\/blog\/wp-content\/uploads\/Georg-Aerni-1-.jpg\" class=\"attachment-large size-large\" alt=\"\" aria-describedby=\"gallery-1-11849\" srcset=\"https:\/\/www.damianzimmermann.de\/blog\/wp-content\/uploads\/Georg-Aerni-1-.jpg 900w, https:\/\/www.damianzimmermann.de\/blog\/wp-content\/uploads\/Georg-Aerni-1--150x150.jpg 150w, https:\/\/www.damianzimmermann.de\/blog\/wp-content\/uploads\/Georg-Aerni-1--400x400.jpg 400w\" sizes=\"auto, (max-width: 620px) 100vw, 620px\" \/>\n\t\t\t<\/dt>\n\t\t\t\t<dd class='wp-caption-text gallery-caption' id='gallery-1-11849'>\n\t\t\t\tGeorg Aerni, aus dem Buch &#8222;Out of Focus&#8220;\n\t\t\t\t<\/dd><\/dl><br style=\"clear: both\" \/>\n\t\t<\/div>\n\n","protected":false},"excerpt":{"rendered":"<p>Das Design des Buches ist so schlicht wie das einer selbstgebauten Camera Obscura &#8211; der Buchblock ist nackt und zeigt die gebundenen Seiten, die graue Pappe des Covers&#8230;<\/p>\n","protected":false},"author":1,"featured_media":11854,"comment_status":"closed","ping_status":"open","sticky":false,"template":"","format":"standard","meta":{"footnotes":""},"categories":[7],"tags":[323,1005,643,806,1002,1004,768,281,816,1001,1000,280,1003],"class_list":["post-11808","post","type-post","status-publish","format-standard","has-post-thumbnail","hentry","category-fotobuecher","tag-alec-soth","tag-christian-vogt","tag-georg-aerni","tag-herlinde-koelbl","tag-jean-marc-yersin","tag-joel-tettamanti","tag-marc-rader","tag-nico-krebs","tag-oliviero-toscani","tag-pascale-bonnard","tag-peter-olpe","tag-taiyo-onorato","tag-volkmar-herre"],"_links":{"self":[{"href":"https:\/\/www.damianzimmermann.de\/blog\/wp-json\/wp\/v2\/posts\/11808","targetHints":{"allow":["GET"]}}],"collection":[{"href":"https:\/\/www.damianzimmermann.de\/blog\/wp-json\/wp\/v2\/posts"}],"about":[{"href":"https:\/\/www.damianzimmermann.de\/blog\/wp-json\/wp\/v2\/types\/post"}],"author":[{"embeddable":true,"href":"https:\/\/www.damianzimmermann.de\/blog\/wp-json\/wp\/v2\/users\/1"}],"replies":[{"embeddable":true,"href":"https:\/\/www.damianzimmermann.de\/blog\/wp-json\/wp\/v2\/comments?post=11808"}],"version-history":[{"count":56,"href":"https:\/\/www.damianzimmermann.de\/blog\/wp-json\/wp\/v2\/posts\/11808\/revisions"}],"predecessor-version":[{"id":20347,"href":"https:\/\/www.damianzimmermann.de\/blog\/wp-json\/wp\/v2\/posts\/11808\/revisions\/20347"}],"wp:featuredmedia":[{"embeddable":true,"href":"https:\/\/www.damianzimmermann.de\/blog\/wp-json\/wp\/v2\/media\/11854"}],"wp:attachment":[{"href":"https:\/\/www.damianzimmermann.de\/blog\/wp-json\/wp\/v2\/media?parent=11808"}],"wp:term":[{"taxonomy":"category","embeddable":true,"href":"https:\/\/www.damianzimmermann.de\/blog\/wp-json\/wp\/v2\/categories?post=11808"},{"taxonomy":"post_tag","embeddable":true,"href":"https:\/\/www.damianzimmermann.de\/blog\/wp-json\/wp\/v2\/tags?post=11808"}],"curies":[{"name":"wp","href":"https:\/\/api.w.org\/{rel}","templated":true}]}}