{"id":11552,"date":"2013-03-02T13:49:32","date_gmt":"2013-03-02T12:49:32","guid":{"rendered":"http:\/\/www.damianzimmermann.de\/blog\/?p=11552"},"modified":"2019-03-25T14:58:21","modified_gmt":"2019-03-25T13:58:21","slug":"fotografische-antworten-auf-peter-bialobrzeski","status":"publish","type":"post","link":"https:\/\/www.damianzimmermann.de\/blog\/fotografische-antworten-auf-peter-bialobrzeski\/","title":{"rendered":"Fotografische Antworten auf Peter Bialobrzeski"},"content":{"rendered":"<p>&#8222;Acht serielle fotografische Arbeiten nach einem &#8218;alten Meister&#8217;\u201c lautet der Titel einer kleinen Ausstellung, die noch bis zum 12. April in der <strong>VHS-Galerie<\/strong> im <strong>Komed <\/strong>in K\u00f6ln zu sehen ist. Entstanden sind sie im Rahmen eines VHS-Kurses unter der Leitung von <strong>Karl von Westerholt<\/strong> und Ausgangspunkt war die Ausstellung <a href=\"https:\/\/www.damianzimmermann.de\/blog\/?p=7987\" target=\"_blank\" rel=\"noopener noreferrer\">Habitat<\/a> von <strong>Peter Bialobrzeski<\/strong> im <strong>Forum f\u00fcr Fotografie<\/strong> vor genau einem Jahr. Die Sch\u00fcler setzten sich mit der Ausstellung intensiv auseinander und haben anschlie\u00dfend eigene fotografische Ideen f\u00fcr das Thema entwickelt &#8211; teilweise auch direkt als kritische Reaktion auf Bialobrzeskis Serien.<\/p>\n<p>Die Ergebnisse sind sehr reflektiert. Nat\u00fcrlich gibt es den ein oder anderen technischen M\u00e4ngel in den Bildern und in der H\u00e4ngung zu entdecken, aber da die Ausstellung ja in der VHS und nicht im Museum Ludwig gezeigt wird, kann man dar\u00fcber gut hinwegsehen. Die Bandbreite ist daf\u00fcr umso enormer. Sie reicht von einer direkter Antwort auf Bialobrzeskis Slumh\u00fctten (<strong>Ren\u00e9 Sikkes<\/strong> hat illegale Holzh\u00fctten im Stadtbild fotografiert w\u00e4hrend sich <strong>Anne Hochg\u00fcrtel<\/strong> auf die Versch\u00f6nerungstechniken in Privatwohnungen, den &#8222;informal arrangement&#8220;, konzentriert hat), geht \u00fcber distanzierte \u00dcbersichten von Wohnbl\u00f6cken wie bei <strong>Martin Junius<\/strong>&#8218; &#8222;Urban Nexus&#8220;-Serie und endet schlie\u00dflich beim d\u00fcsteren, menschenfeindlichen Architekturaufnahmen von <strong>Hartmut Schneider<\/strong>.<\/p>\n<p>Der Grundton der Ausstellung ist dabei un\u00fcberh\u00f6rbar: Warum vermeintlich exotische Motive suchen und aus der westlichen Perspektive dar\u00fcber urteilen, wenn man ganz \u00e4hnliche Zust\u00e4nde auch vor der eigenen Haust\u00fcr findet. Und vor allem: Warum betrachten wir die Bilder aus den Slumh\u00fctten mit Arroganz und Mitleid? Wer sagt uns, dass die Bewohner Manilas oder Kliptowns unseren Lebensstandard positiv oder gar als erstrebenswert empfinden?<\/p>\n<p>Zur Ausstellung ist auch ein Buch mit allen gezeigten Arbeiten erschienen, das man sich auch online anschauen kann.<\/p>\n<p>Link: <a href=\"http:\/\/www.blurb.de\/books\/4026432-acht-serielle-fotografische-arbeiten-nach-einem-al\" target=\"_blank\" rel=\"noopener noreferrer\">Blurb<\/a><\/p>\n\n\t\t<style type=\"text\/css\">\n\t\t\t#gallery-1 {\n\t\t\t\tmargin: auto;\n\t\t\t}\n\t\t\t#gallery-1 .gallery-item {\n\t\t\t\tfloat: left;\n\t\t\t\tmargin-top: 10px;\n\t\t\t\ttext-align: center;\n\t\t\t\twidth: 100%;\n\t\t\t}\n\t\t\t#gallery-1 img {\n\t\t\t\tborder: 2px solid #cfcfcf;\n\t\t\t}\n\t\t\t#gallery-1 .gallery-caption {\n\t\t\t\tmargin-left: 0;\n\t\t\t}\n\t\t\t\/* see gallery_shortcode() in wp-includes\/media.php *\/\n\t\t<\/style>\n\t\t<div id='gallery-1' class='gallery galleryid-11552 gallery-columns-1 gallery-size-large'><dl class='gallery-item'>\n\t\t\t<dt class='gallery-icon landscape'>\n\t\t\t\t<img loading=\"lazy\" decoding=\"async\" width=\"567\" height=\"378\" src=\"https:\/\/www.damianzimmermann.de\/blog\/wp-content\/uploads\/h_schneider_foto.jpg\" class=\"attachment-large size-large\" alt=\"\" aria-describedby=\"gallery-1-11582\" srcset=\"https:\/\/www.damianzimmermann.de\/blog\/wp-content\/uploads\/h_schneider_foto.jpg 567w, https:\/\/www.damianzimmermann.de\/blog\/wp-content\/uploads\/h_schneider_foto-200x133.jpg 200w, https:\/\/www.damianzimmermann.de\/blog\/wp-content\/uploads\/h_schneider_foto-400x266.jpg 400w\" sizes=\"auto, (max-width: 567px) 100vw, 567px\" \/>\n\t\t\t<\/dt>\n\t\t\t\t<dd class='wp-caption-text gallery-caption' id='gallery-1-11582'>\n\t\t\t\tHartmut Schneider, aus der Serie &#8222;Dystopia&#8220;\n\t\t\t\t<\/dd><\/dl><br style=\"clear: both\" \/><dl class='gallery-item'>\n\t\t\t<dt class='gallery-icon landscape'>\n\t\t\t\t<img loading=\"lazy\" decoding=\"async\" width=\"567\" height=\"567\" src=\"https:\/\/www.damianzimmermann.de\/blog\/wp-content\/uploads\/b_wagner_foto.jpg\" class=\"attachment-large size-large\" alt=\"\" aria-describedby=\"gallery-1-11580\" srcset=\"https:\/\/www.damianzimmermann.de\/blog\/wp-content\/uploads\/b_wagner_foto.jpg 567w, https:\/\/www.damianzimmermann.de\/blog\/wp-content\/uploads\/b_wagner_foto-150x150.jpg 150w, https:\/\/www.damianzimmermann.de\/blog\/wp-content\/uploads\/b_wagner_foto-400x400.jpg 400w\" sizes=\"auto, (max-width: 567px) 100vw, 567px\" \/>\n\t\t\t<\/dt>\n\t\t\t\t<dd class='wp-caption-text gallery-caption' id='gallery-1-11580'>\n\t\t\t\tBeate Wagner, aus der Serie &#8222;M\u00fclltrennung &#8211; Eine Kunst f\u00fcr sich&#8220;\n\t\t\t\t<\/dd><\/dl><br style=\"clear: both\" \/><dl class='gallery-item'>\n\t\t\t<dt class='gallery-icon landscape'>\n\t\t\t\t<img loading=\"lazy\" decoding=\"async\" width=\"567\" height=\"373\" src=\"https:\/\/www.damianzimmermann.de\/blog\/wp-content\/uploads\/a_hochg\u00fcrtel_foto.jpg\" class=\"attachment-large size-large\" alt=\"\" aria-describedby=\"gallery-1-11578\" srcset=\"https:\/\/www.damianzimmermann.de\/blog\/wp-content\/uploads\/a_hochg\u00fcrtel_foto.jpg 567w, https:\/\/www.damianzimmermann.de\/blog\/wp-content\/uploads\/a_hochg\u00fcrtel_foto-200x131.jpg 200w, https:\/\/www.damianzimmermann.de\/blog\/wp-content\/uploads\/a_hochg\u00fcrtel_foto-400x263.jpg 400w\" sizes=\"auto, (max-width: 567px) 100vw, 567px\" \/>\n\t\t\t<\/dt>\n\t\t\t\t<dd class='wp-caption-text gallery-caption' id='gallery-1-11578'>\n\t\t\t\tAnne Hochg\u00fcrtel, aus der Serie &#8222;Lieblingsorte&#8220;\n\t\t\t\t<\/dd><\/dl><br style=\"clear: both\" \/><dl class='gallery-item'>\n\t\t\t<dt class='gallery-icon landscape'>\n\t\t\t\t<img loading=\"lazy\" decoding=\"async\" width=\"567\" height=\"425\" src=\"https:\/\/www.damianzimmermann.de\/blog\/wp-content\/uploads\/a_schweda_foto.jpg\" class=\"attachment-large size-large\" alt=\"\" aria-describedby=\"gallery-1-11579\" srcset=\"https:\/\/www.damianzimmermann.de\/blog\/wp-content\/uploads\/a_schweda_foto.jpg 567w, https:\/\/www.damianzimmermann.de\/blog\/wp-content\/uploads\/a_schweda_foto-200x149.jpg 200w, https:\/\/www.damianzimmermann.de\/blog\/wp-content\/uploads\/a_schweda_foto-400x299.jpg 400w\" sizes=\"auto, (max-width: 567px) 100vw, 567px\" \/>\n\t\t\t<\/dt>\n\t\t\t\t<dd class='wp-caption-text gallery-caption' id='gallery-1-11579'>\n\t\t\t\tAlexandra Schweda, aus der Serie &#8222;Shift \u2013 Case Study  Homes in der rheinischen  Mittelschicht&#8220;\n\t\t\t\t<\/dd><\/dl><br style=\"clear: both\" \/><dl class='gallery-item'>\n\t\t\t<dt class='gallery-icon portrait'>\n\t\t\t\t<img loading=\"lazy\" decoding=\"async\" width=\"376\" height=\"567\" src=\"https:\/\/www.damianzimmermann.de\/blog\/wp-content\/uploads\/m_burger_foto.jpg\" class=\"attachment-large size-large\" alt=\"\" aria-describedby=\"gallery-1-11583\" srcset=\"https:\/\/www.damianzimmermann.de\/blog\/wp-content\/uploads\/m_burger_foto.jpg 376w, https:\/\/www.damianzimmermann.de\/blog\/wp-content\/uploads\/m_burger_foto-99x150.jpg 99w, https:\/\/www.damianzimmermann.de\/blog\/wp-content\/uploads\/m_burger_foto-265x400.jpg 265w\" sizes=\"auto, (max-width: 376px) 100vw, 376px\" \/>\n\t\t\t<\/dt>\n\t\t\t\t<dd class='wp-caption-text gallery-caption' id='gallery-1-11583'>\n\t\t\t\tMichaela Burger, aus der Serie &#8222;Wunschdomizil Schrebergarten&#8220;\n\t\t\t\t<\/dd><\/dl><br style=\"clear: both\" \/><dl class='gallery-item'>\n\t\t\t<dt class='gallery-icon landscape'>\n\t\t\t\t<img loading=\"lazy\" decoding=\"async\" width=\"567\" height=\"378\" src=\"https:\/\/www.damianzimmermann.de\/blog\/wp-content\/uploads\/m_junius_foto.jpg\" class=\"attachment-large size-large\" alt=\"\" aria-describedby=\"gallery-1-11584\" srcset=\"https:\/\/www.damianzimmermann.de\/blog\/wp-content\/uploads\/m_junius_foto.jpg 567w, https:\/\/www.damianzimmermann.de\/blog\/wp-content\/uploads\/m_junius_foto-200x133.jpg 200w, https:\/\/www.damianzimmermann.de\/blog\/wp-content\/uploads\/m_junius_foto-400x266.jpg 400w\" sizes=\"auto, (max-width: 567px) 100vw, 567px\" \/>\n\t\t\t<\/dt>\n\t\t\t\t<dd class='wp-caption-text gallery-caption' id='gallery-1-11584'>\n\t\t\t\tMartin Junius, aus der Serie &#8222;Urban Nexus&#8220;\n\t\t\t\t<\/dd><\/dl><br style=\"clear: both\" \/><dl class='gallery-item'>\n\t\t\t<dt class='gallery-icon portrait'>\n\t\t\t\t<img loading=\"lazy\" decoding=\"async\" width=\"378\" height=\"567\" src=\"https:\/\/www.damianzimmermann.de\/blog\/wp-content\/uploads\/c_buszello_foto.jpg\" class=\"attachment-large size-large\" alt=\"\" aria-describedby=\"gallery-1-11581\" srcset=\"https:\/\/www.damianzimmermann.de\/blog\/wp-content\/uploads\/c_buszello_foto.jpg 378w, https:\/\/www.damianzimmermann.de\/blog\/wp-content\/uploads\/c_buszello_foto-100x150.jpg 100w, https:\/\/www.damianzimmermann.de\/blog\/wp-content\/uploads\/c_buszello_foto-266x400.jpg 266w\" sizes=\"auto, (max-width: 378px) 100vw, 378px\" \/>\n\t\t\t<\/dt>\n\t\t\t\t<dd class='wp-caption-text gallery-caption' id='gallery-1-11581'>\n\t\t\t\tCarmen Buszello, aus der Serie &#8222;R\u00fcckbau&#8220;\n\t\t\t\t<\/dd><\/dl><br style=\"clear: both\" \/><dl class='gallery-item'>\n\t\t\t<dt class='gallery-icon landscape'>\n\t\t\t\t<img loading=\"lazy\" decoding=\"async\" width=\"567\" height=\"397\" src=\"https:\/\/www.damianzimmermann.de\/blog\/wp-content\/uploads\/r-sikkes_foto.jpg\" class=\"attachment-large size-large\" alt=\"\" aria-describedby=\"gallery-1-11585\" srcset=\"https:\/\/www.damianzimmermann.de\/blog\/wp-content\/uploads\/r-sikkes_foto.jpg 567w, https:\/\/www.damianzimmermann.de\/blog\/wp-content\/uploads\/r-sikkes_foto-200x140.jpg 200w, https:\/\/www.damianzimmermann.de\/blog\/wp-content\/uploads\/r-sikkes_foto-400x280.jpg 400w\" sizes=\"auto, (max-width: 567px) 100vw, 567px\" \/>\n\t\t\t<\/dt>\n\t\t\t\t<dd class='wp-caption-text gallery-caption' id='gallery-1-11585'>\n\t\t\t\tRen\u00e9 Sikkes, aus der Serie &#8222;RandStadt&#8220;\n\t\t\t\t<\/dd><\/dl><br style=\"clear: both\" \/>\n\t\t<\/div>\n\n","protected":false},"excerpt":{"rendered":"<p>&#8222;Acht serielle fotografische Arbeiten nach einem &#8218;alten Meister&#8217;\u201c lautet der Titel einer kleinen Ausstellung, die noch bis zum 12. April in der VHS-Galerie im Komed in K\u00f6ln zu&#8230;<\/p>\n","protected":false},"author":1,"featured_media":11584,"comment_status":"closed","ping_status":"open","sticky":false,"template":"","format":"standard","meta":{"footnotes":""},"categories":[6],"tags":[990,989,991,994,995,987,993,992,287,988],"class_list":["post-11552","post","type-post","status-publish","format-standard","has-post-thumbnail","hentry","category-ausstellungen","tag-alexandra-schweda","tag-anne-hochgurtel","tag-beate-wagner","tag-carmen-buszello","tag-hartmut-schneider","tag-karl-von-westerholt","tag-martin-junius","tag-michaela-burger","tag-peter-bialobrzeski","tag-rene-sikke"],"_links":{"self":[{"href":"https:\/\/www.damianzimmermann.de\/blog\/wp-json\/wp\/v2\/posts\/11552","targetHints":{"allow":["GET"]}}],"collection":[{"href":"https:\/\/www.damianzimmermann.de\/blog\/wp-json\/wp\/v2\/posts"}],"about":[{"href":"https:\/\/www.damianzimmermann.de\/blog\/wp-json\/wp\/v2\/types\/post"}],"author":[{"embeddable":true,"href":"https:\/\/www.damianzimmermann.de\/blog\/wp-json\/wp\/v2\/users\/1"}],"replies":[{"embeddable":true,"href":"https:\/\/www.damianzimmermann.de\/blog\/wp-json\/wp\/v2\/comments?post=11552"}],"version-history":[{"count":62,"href":"https:\/\/www.damianzimmermann.de\/blog\/wp-json\/wp\/v2\/posts\/11552\/revisions"}],"predecessor-version":[{"id":20354,"href":"https:\/\/www.damianzimmermann.de\/blog\/wp-json\/wp\/v2\/posts\/11552\/revisions\/20354"}],"wp:featuredmedia":[{"embeddable":true,"href":"https:\/\/www.damianzimmermann.de\/blog\/wp-json\/wp\/v2\/media\/11584"}],"wp:attachment":[{"href":"https:\/\/www.damianzimmermann.de\/blog\/wp-json\/wp\/v2\/media?parent=11552"}],"wp:term":[{"taxonomy":"category","embeddable":true,"href":"https:\/\/www.damianzimmermann.de\/blog\/wp-json\/wp\/v2\/categories?post=11552"},{"taxonomy":"post_tag","embeddable":true,"href":"https:\/\/www.damianzimmermann.de\/blog\/wp-json\/wp\/v2\/tags?post=11552"}],"curies":[{"name":"wp","href":"https:\/\/api.w.org\/{rel}","templated":true}]}}