{"id":11185,"date":"2013-02-01T08:20:34","date_gmt":"2013-02-01T07:20:34","guid":{"rendered":"http:\/\/www.damianzimmermann.de\/blog\/?p=11185"},"modified":"2019-03-25T15:27:16","modified_gmt":"2019-03-25T14:27:16","slug":"dusseldorf-photo-weekend-startet-heute","status":"publish","type":"post","link":"https:\/\/www.damianzimmermann.de\/blog\/dusseldorf-photo-weekend-startet-heute\/","title":{"rendered":"Duesseldorf Photo Weekend startet heute"},"content":{"rendered":"<p>Heute beginnt das zweite <strong>Duesseldorf Photo Weekend<\/strong> mit der Er\u00f6ffnung des Book Salons im NRW-Forum, wo mehr als 30 Verleger, Buchh\u00e4ndler und Antiquare ihre B\u00fccher und Magazine zur Fotografie pr\u00e4sentieren. Samstag und Sonntag haben dann zudem die Galerien und andere Kulturinstitutionen ihre T\u00fcren ge\u00f6ffnen und laden zum Rundgang ein. Weitere Highlights sind ein \u00f6ffentlicher Portfolio Review, der sogar bei Arte Creative live \u00fcbertragen wird, sowie eine Vortrags- und Diskussionsreihe zum Thema Fotobuch am Samstagnachmittag in der Kunststiftung NRW.<\/p>\n<p>Mehr Informationen gibt es in meiner\u00a0<a href=\"https:\/\/www.damianzimmermann.de\/blog\/wp-content\/uploads\/239-D\u00fcsseldorf-Photo-Weekend.pdf\" target=\"_blank\" rel=\"noopener noreferrer\">Ank\u00fcndigung<\/a> im Ksta &#8211; und nat\u00fcrlich auf der Homepage des D\u00fcsseldorf Photo Weekend.<\/p>\n<p>Link: <a href=\"http:\/\/www.duesseldorfphotoweekend.de\/\" target=\"_blank\" rel=\"noopener noreferrer\">Duesseldorf Photo Weekend<\/a><\/p>\n\n\t\t<style type=\"text\/css\">\n\t\t\t#gallery-1 {\n\t\t\t\tmargin: auto;\n\t\t\t}\n\t\t\t#gallery-1 .gallery-item {\n\t\t\t\tfloat: left;\n\t\t\t\tmargin-top: 10px;\n\t\t\t\ttext-align: center;\n\t\t\t\twidth: 100%;\n\t\t\t}\n\t\t\t#gallery-1 img {\n\t\t\t\tborder: 2px solid #cfcfcf;\n\t\t\t}\n\t\t\t#gallery-1 .gallery-caption {\n\t\t\t\tmargin-left: 0;\n\t\t\t}\n\t\t\t\/* see gallery_shortcode() in wp-includes\/media.php *\/\n\t\t<\/style>\n\t\t<div id='gallery-1' class='gallery galleryid-11185 gallery-columns-1 gallery-size-large'><dl class='gallery-item'>\n\t\t\t<dt class='gallery-icon portrait'>\n\t\t\t\t<img loading=\"lazy\" decoding=\"async\" width=\"620\" height=\"876\" src=\"https:\/\/www.damianzimmermann.de\/blog\/wp-content\/uploads\/plakat_gophoto_RGB.jpg\" class=\"attachment-large size-large\" alt=\"\" aria-describedby=\"gallery-1-11207\" srcset=\"https:\/\/www.damianzimmermann.de\/blog\/wp-content\/uploads\/plakat_gophoto_RGB.jpg 637w, https:\/\/www.damianzimmermann.de\/blog\/wp-content\/uploads\/plakat_gophoto_RGB-106x150.jpg 106w, https:\/\/www.damianzimmermann.de\/blog\/wp-content\/uploads\/plakat_gophoto_RGB-283x400.jpg 283w\" sizes=\"auto, (max-width: 620px) 100vw, 620px\" \/>\n\t\t\t<\/dt>\n\t\t\t\t<dd class='wp-caption-text gallery-caption' id='gallery-1-11207'>\n\t\t\t\t\u00a9 goPhoto Plakat \n\t\t\t\t<\/dd><\/dl><br style=\"clear: both\" \/><dl class='gallery-item'>\n\t\t\t<dt class='gallery-icon landscape'>\n\t\t\t\t<img loading=\"lazy\" decoding=\"async\" width=\"620\" height=\"455\" src=\"https:\/\/www.damianzimmermann.de\/blog\/wp-content\/uploads\/GregorSchneider_RGB.jpg\" class=\"attachment-large size-large\" alt=\"\" aria-describedby=\"gallery-1-11197\" srcset=\"https:\/\/www.damianzimmermann.de\/blog\/wp-content\/uploads\/GregorSchneider_RGB.jpg 827w, https:\/\/www.damianzimmermann.de\/blog\/wp-content\/uploads\/GregorSchneider_RGB-200x146.jpg 200w, https:\/\/www.damianzimmermann.de\/blog\/wp-content\/uploads\/GregorSchneider_RGB-400x293.jpg 400w\" sizes=\"auto, (max-width: 620px) 100vw, 620px\" \/>\n\t\t\t<\/dt>\n\t\t\t\t<dd class='wp-caption-text gallery-caption' id='gallery-1-11197'>\n\t\t\t\t\u00a9 Gregor Schneider \n\t\t\t\t<\/dd><\/dl><br style=\"clear: both\" \/><dl class='gallery-item'>\n\t\t\t<dt class='gallery-icon portrait'>\n\t\t\t\t<img loading=\"lazy\" decoding=\"async\" width=\"620\" height=\"764\" src=\"https:\/\/www.damianzimmermann.de\/blog\/wp-content\/uploads\/Bryan_Adams.jpg\" class=\"attachment-large size-large\" alt=\"\" aria-describedby=\"gallery-1-11193\" srcset=\"https:\/\/www.damianzimmermann.de\/blog\/wp-content\/uploads\/Bryan_Adams.jpg 730w, https:\/\/www.damianzimmermann.de\/blog\/wp-content\/uploads\/Bryan_Adams-121x150.jpg 121w, https:\/\/www.damianzimmermann.de\/blog\/wp-content\/uploads\/Bryan_Adams-324x400.jpg 324w\" sizes=\"auto, (max-width: 620px) 100vw, 620px\" \/>\n\t\t\t<\/dt>\n\t\t\t\t<dd class='wp-caption-text gallery-caption' id='gallery-1-11193'>\n\t\t\t\t&#8222;Victoria Beckham&#8220;, London, 2005 \u00a9 Bryan Adams \n\t\t\t\t<\/dd><\/dl><br style=\"clear: both\" \/><dl class='gallery-item'>\n\t\t\t<dt class='gallery-icon landscape'>\n\t\t\t\t<img loading=\"lazy\" decoding=\"async\" width=\"620\" height=\"468\" src=\"https:\/\/www.damianzimmermann.de\/blog\/wp-content\/uploads\/GJ-GabrielJones-UntitledSeries-01-300dpi_RGB.jpg\" class=\"attachment-large size-large\" alt=\"\" aria-describedby=\"gallery-1-11196\" srcset=\"https:\/\/www.damianzimmermann.de\/blog\/wp-content\/uploads\/GJ-GabrielJones-UntitledSeries-01-300dpi_RGB.jpg 900w, https:\/\/www.damianzimmermann.de\/blog\/wp-content\/uploads\/GJ-GabrielJones-UntitledSeries-01-300dpi_RGB-198x150.jpg 198w, https:\/\/www.damianzimmermann.de\/blog\/wp-content\/uploads\/GJ-GabrielJones-UntitledSeries-01-300dpi_RGB-400x301.jpg 400w\" sizes=\"auto, (max-width: 620px) 100vw, 620px\" \/>\n\t\t\t<\/dt>\n\t\t\t\t<dd class='wp-caption-text gallery-caption' id='gallery-1-11196'>\n\t\t\t\tGabriel Jones: \u201eUntitled Series 01\u201c, 2010 Archival inkjet photograph \u00a9 Gabriel Jones Courtesy: Galerie Bugdahn und Kaimer\n\t\t\t\t<\/dd><\/dl><br style=\"clear: both\" \/><dl class='gallery-item'>\n\t\t\t<dt class='gallery-icon portrait'>\n\t\t\t\t<img loading=\"lazy\" decoding=\"async\" width=\"620\" height=\"869\" src=\"https:\/\/www.damianzimmermann.de\/blog\/wp-content\/uploads\/Duane_Michalsl_RGB.jpg\" class=\"attachment-large size-large\" alt=\"\" aria-describedby=\"gallery-1-11195\" srcset=\"https:\/\/www.damianzimmermann.de\/blog\/wp-content\/uploads\/Duane_Michalsl_RGB.jpg 642w, https:\/\/www.damianzimmermann.de\/blog\/wp-content\/uploads\/Duane_Michalsl_RGB-107x150.jpg 107w, https:\/\/www.damianzimmermann.de\/blog\/wp-content\/uploads\/Duane_Michalsl_RGB-285x400.jpg 285w\" sizes=\"auto, (max-width: 620px) 100vw, 620px\" \/>\n\t\t\t<\/dt>\n\t\t\t\t<dd class='wp-caption-text gallery-caption' id='gallery-1-11195'>\n\t\t\t\t&#8222;Untitled&#8220;, 2012, \u00d6l auf Phothoplatte \u00a9 Duane Michals Courtesy: Galerie Clara Maria Sels \n\t\t\t\t<\/dd><\/dl><br style=\"clear: both\" \/><dl class='gallery-item'>\n\t\t\t<dt class='gallery-icon landscape'>\n\t\t\t\t<img loading=\"lazy\" decoding=\"async\" width=\"620\" height=\"465\" src=\"https:\/\/www.damianzimmermann.de\/blog\/wp-content\/uploads\/ANTIFOTO2013_RGB.jpg\" class=\"attachment-large size-large\" alt=\"\" aria-describedby=\"gallery-1-11192\" srcset=\"https:\/\/www.damianzimmermann.de\/blog\/wp-content\/uploads\/ANTIFOTO2013_RGB.jpg 900w, https:\/\/www.damianzimmermann.de\/blog\/wp-content\/uploads\/ANTIFOTO2013_RGB-200x150.jpg 200w, https:\/\/www.damianzimmermann.de\/blog\/wp-content\/uploads\/ANTIFOTO2013_RGB-400x300.jpg 400w\" sizes=\"auto, (max-width: 620px) 100vw, 620px\" \/>\n\t\t\t<\/dt>\n\t\t\t\t<dd class='wp-caption-text gallery-caption' id='gallery-1-11192'>\n\t\t\t\t\u00a9 ANT!FOTO \n\t\t\t\t<\/dd><\/dl><br style=\"clear: both\" \/><dl class='gallery-item'>\n\t\t\t<dt class='gallery-icon portrait'>\n\t\t\t\t<img loading=\"lazy\" decoding=\"async\" width=\"620\" height=\"704\" src=\"https:\/\/www.damianzimmermann.de\/blog\/wp-content\/uploads\/annavogel_2012_RGB.jpg\" class=\"attachment-large size-large\" alt=\"\" aria-describedby=\"gallery-1-11191\" srcset=\"https:\/\/www.damianzimmermann.de\/blog\/wp-content\/uploads\/annavogel_2012_RGB.jpg 793w, https:\/\/www.damianzimmermann.de\/blog\/wp-content\/uploads\/annavogel_2012_RGB-132x150.jpg 132w, https:\/\/www.damianzimmermann.de\/blog\/wp-content\/uploads\/annavogel_2012_RGB-352x400.jpg 352w\" sizes=\"auto, (max-width: 620px) 100vw, 620px\" \/>\n\t\t\t<\/dt>\n\t\t\t\t<dd class='wp-caption-text gallery-caption' id='gallery-1-11191'>\n\t\t\t\tAnna Vogel: &#8222;Untitled&#8220;, 2012, \n\t\t\t\t<\/dd><\/dl><br style=\"clear: both\" \/><dl class='gallery-item'>\n\t\t\t<dt class='gallery-icon portrait'>\n\t\t\t\t<img loading=\"lazy\" decoding=\"async\" width=\"620\" height=\"802\" src=\"https:\/\/www.damianzimmermann.de\/blog\/wp-content\/uploads\/Magda_Wunsche_BORDERS_teaser_promo_single_cropped_hires_RGB.jpg\" class=\"attachment-large size-large\" alt=\"\" aria-describedby=\"gallery-1-11198\" srcset=\"https:\/\/www.damianzimmermann.de\/blog\/wp-content\/uploads\/Magda_Wunsche_BORDERS_teaser_promo_single_cropped_hires_RGB.jpg 696w, https:\/\/www.damianzimmermann.de\/blog\/wp-content\/uploads\/Magda_Wunsche_BORDERS_teaser_promo_single_cropped_hires_RGB-116x150.jpg 116w, https:\/\/www.damianzimmermann.de\/blog\/wp-content\/uploads\/Magda_Wunsche_BORDERS_teaser_promo_single_cropped_hires_RGB-309x400.jpg 309w\" sizes=\"auto, (max-width: 620px) 100vw, 620px\" \/>\n\t\t\t<\/dt>\n\t\t\t\t<dd class='wp-caption-text gallery-caption' id='gallery-1-11198'>\n\t\t\t\t\u00a9 Shaun Ross by Magda Wunsche &#038; Samsel for Exklusiv Magda Wunsche \n\t\t\t\t<\/dd><\/dl><br style=\"clear: both\" \/><dl class='gallery-item'>\n\t\t\t<dt class='gallery-icon portrait'>\n\t\t\t\t<img loading=\"lazy\" decoding=\"async\" width=\"620\" height=\"631\" src=\"https:\/\/www.damianzimmermann.de\/blog\/wp-content\/uploads\/Mender_Mark_Alaska_1967_Nome_Hauptstrasse_RGB.jpg\" class=\"attachment-large size-large\" alt=\"\" aria-describedby=\"gallery-1-11199\" srcset=\"https:\/\/www.damianzimmermann.de\/blog\/wp-content\/uploads\/Mender_Mark_Alaska_1967_Nome_Hauptstrasse_RGB.jpg 885w, https:\/\/www.damianzimmermann.de\/blog\/wp-content\/uploads\/Mender_Mark_Alaska_1967_Nome_Hauptstrasse_RGB-147x150.jpg 147w, https:\/\/www.damianzimmermann.de\/blog\/wp-content\/uploads\/Mender_Mark_Alaska_1967_Nome_Hauptstrasse_RGB-393x400.jpg 393w\" sizes=\"auto, (max-width: 620px) 100vw, 620px\" \/>\n\t\t\t<\/dt>\n\t\t\t\t<dd class='wp-caption-text gallery-caption' id='gallery-1-11199'>\n\t\t\t\tMender Mark: &#8222;Alaska, 1967, Nome Hauptstrasse&#8220; \n\t\t\t\t<\/dd><\/dl><br style=\"clear: both\" \/><dl class='gallery-item'>\n\t\t\t<dt class='gallery-icon portrait'>\n\t\t\t\t<img loading=\"lazy\" decoding=\"async\" width=\"525\" height=\"700\" src=\"https:\/\/www.damianzimmermann.de\/blog\/wp-content\/uploads\/Stephen_Shore_copyright_IKS_RGB.jpg\" class=\"attachment-large size-large\" alt=\"\" aria-describedby=\"gallery-1-11208\" srcset=\"https:\/\/www.damianzimmermann.de\/blog\/wp-content\/uploads\/Stephen_Shore_copyright_IKS_RGB.jpg 525w, https:\/\/www.damianzimmermann.de\/blog\/wp-content\/uploads\/Stephen_Shore_copyright_IKS_RGB-112x150.jpg 112w, https:\/\/www.damianzimmermann.de\/blog\/wp-content\/uploads\/Stephen_Shore_copyright_IKS_RGB-300x400.jpg 300w\" sizes=\"auto, (max-width: 525px) 100vw, 525px\" \/>\n\t\t\t<\/dt>\n\t\t\t\t<dd class='wp-caption-text gallery-caption' id='gallery-1-11208'>\n\t\t\t\tStephen Shore \u00a9 IKS \n\t\t\t\t<\/dd><\/dl><br style=\"clear: both\" \/>\n\t\t<\/div>\n\n","protected":false},"excerpt":{"rendered":"<p>Heute beginnt das zweite Duesseldorf Photo Weekend mit der Er\u00f6ffnung des Book Salons im NRW-Forum, wo mehr als 30 Verleger, Buchh\u00e4ndler und Antiquare ihre B\u00fccher und Magazine zur&#8230;<\/p>\n","protected":false},"author":1,"featured_media":11207,"comment_status":"closed","ping_status":"open","sticky":false,"template":"","format":"standard","meta":{"footnotes":""},"categories":[6,7],"tags":[970,1305,1573,1200,1199,971,1572,1575,1574,138],"class_list":["post-11185","post","type-post","status-publish","format-standard","has-post-thumbnail","hentry","category-ausstellungen","category-fotobuecher","tag-anna-vogel","tag-antifoto","tag-bryan-adams","tag-duane-michals","tag-duesseldorf-photo-weekend","tag-gabriel-jones","tag-gregor-schneider","tag-mender-mark","tag-shaun-ross","tag-stephen-shore"],"_links":{"self":[{"href":"https:\/\/www.damianzimmermann.de\/blog\/wp-json\/wp\/v2\/posts\/11185","targetHints":{"allow":["GET"]}}],"collection":[{"href":"https:\/\/www.damianzimmermann.de\/blog\/wp-json\/wp\/v2\/posts"}],"about":[{"href":"https:\/\/www.damianzimmermann.de\/blog\/wp-json\/wp\/v2\/types\/post"}],"author":[{"embeddable":true,"href":"https:\/\/www.damianzimmermann.de\/blog\/wp-json\/wp\/v2\/users\/1"}],"replies":[{"embeddable":true,"href":"https:\/\/www.damianzimmermann.de\/blog\/wp-json\/wp\/v2\/comments?post=11185"}],"version-history":[{"count":34,"href":"https:\/\/www.damianzimmermann.de\/blog\/wp-json\/wp\/v2\/posts\/11185\/revisions"}],"predecessor-version":[{"id":20363,"href":"https:\/\/www.damianzimmermann.de\/blog\/wp-json\/wp\/v2\/posts\/11185\/revisions\/20363"}],"wp:featuredmedia":[{"embeddable":true,"href":"https:\/\/www.damianzimmermann.de\/blog\/wp-json\/wp\/v2\/media\/11207"}],"wp:attachment":[{"href":"https:\/\/www.damianzimmermann.de\/blog\/wp-json\/wp\/v2\/media?parent=11185"}],"wp:term":[{"taxonomy":"category","embeddable":true,"href":"https:\/\/www.damianzimmermann.de\/blog\/wp-json\/wp\/v2\/categories?post=11185"},{"taxonomy":"post_tag","embeddable":true,"href":"https:\/\/www.damianzimmermann.de\/blog\/wp-json\/wp\/v2\/tags?post=11185"}],"curies":[{"name":"wp","href":"https:\/\/api.w.org\/{rel}","templated":true}]}}