{"id":11168,"date":"2013-02-14T08:35:05","date_gmt":"2013-02-14T07:35:05","guid":{"rendered":"http:\/\/www.damianzimmermann.de\/blog\/?p=11168"},"modified":"2019-03-25T15:06:24","modified_gmt":"2019-03-25T14:06:24","slug":"christer-stromholm-in-der-co-berlin","status":"publish","type":"post","link":"https:\/\/www.damianzimmermann.de\/blog\/christer-stromholm-in-der-co-berlin\/","title":{"rendered":"Christer Str\u00f6mholm in der C\/O Berlin"},"content":{"rendered":"<p>Es war unertr\u00e4glich voll w\u00e4hrend der Vernissage zur <strong>Christer Str\u00f6mholm<\/strong>-Ausstellung &#8222;Post Scriptum&#8220; in der <strong>C\/O Berlin<\/strong>. Vielleicht lag es an der gleichzeitig stattfindenden Fashion Week. Vielleicht lag es auch daran, dass es die letzte Ausstellung im alten Postfuhramt an der Oranienburger Stra\u00dfe sein wird, bevor die C\/O ins Amerika-Haus nach Charlottenburg zieht. Vielleicht lag es aber auch schlicht und ergreifend an den Fotografien selbst &#8211; schlie\u00dflich ist es die erste Retrospektive des Schweden in Deutschland. Der ist hierzulande zwar noch immer eher unbekannt &#8211; aber vielleicht \u00e4ndert sich das ja nun ein wenig. Verdient h\u00e4tte er es jedenfalls.<\/p>\n<p>Gleich zu Beginn wird der Besucher mit einem Zitat konfrontiert, das einen wesentlichen Aspekt seiner (und wahrscheinlich der meisten) Fotografien anspricht: &#8222;Mit dem fotografischen Bild zu arbeiten, ist meine Art zu leben. Wenn ich nachdenke und meine Bilder genau betrachte, so sind sie alle &#8211; und jedes f\u00fcr sich &#8211; nichts anderes als Selbstportr\u00e4ts, ein Teil meines Lebens.&#8220; Nun muss dieses Leben sehr aufregend, unkonventionell und gepr\u00e4gt gewesen sein von Liebe f\u00fcr die Au\u00dfenseiter und Andersartigen in unserer Gesellschaft, f\u00fcr das Weiche im Harten und das Harte im Weichen. Wenn sich bei Str\u00f6mholm ein Paar k\u00fcsst, dann zeigt er eine Detailaufnahme der M\u00fcnder und Nasen, die zu abstrakten Fleischskulpturen werden. Wenn er Kinder fotografiert, dann sind sie schmutzig und zerzaust und tragen Damenhandtaschen, w\u00e4hrend sie misstrauisch bis linkisch in die Kamera blicken. Und wenn er ein kleines K\u00e4tzchen fotografiert, dann wird es von einer M\u00e4nnerhand am Pelz gepackt, streckt die Pfoten und die Krallen von sich und faucht den Betrachter an, dass der nicht wei\u00df, ob er Mitleid mit oder Angst vor diesem Teufelsvieh haben soll.<\/p>\n<p>Und das sind nur die konventionellen Motive. Einen wichtigen Teil seiner fotografischen Karriere hat er sich eben mit den Outsidern der Gesellschaft besch\u00e4ftigt. Er hat die Transsexuellen und Variet\u00e9k\u00fcnstler in den Am\u00fcsiervierteln Paris&#8216; und entstellte Kriegsopfer wie das blinde M\u00e4dchen in Hiroshima fotografiert. Str\u00f6mholm selbst wirkt dabei manchmal wie der Junge auf einem seiner Bilder, der staunend und mit leicht offenem Mund vor einer B\u00fchne in Pigalle steht und auf das dortige Treiben starrt.<\/p>\n<p>Viel wichtiger als das WAS ist jedoch WIE Str\u00f6mholm fotografiert hat. Seine Fotografien sind extrem subjektiv und gaukeln auch keine Objektivit\u00e4t vor. Kein Wunder also, dass er Teil der Fotogruppe &#8222;fotoform&#8220; um <strong>Otto Steinert<\/strong> wurde. Mich erinnern seine Aufnahmen aber auch an die radikale Herangehensweise der Nachkriegsfotografen aus Japan, allen voran <strong>Sh\u00f4mei T\u00f4matsu<\/strong>. Allerdings habe ich bislang keinen Hinweis auf eine Verbindung entdecken k\u00f6nnen. Sicher ist jedoch, dass Str\u00f6mholm selbst mit seiner 1960 gegr\u00fcndeten &#8222;Fotoskolan&#8220; nachfolgende Fotografen beeinflusst hat &#8211; der Bekannteste d\u00fcrfte <strong>Anders Petersen<\/strong> sein.<\/p>\n<p>&nbsp;<\/p>\n<p>Die Ausstellung &#8222;Post Scriptum&#8220; ist noch bis zum 8. M\u00e4rz zu sehen. Zur Ausstellung ist im <strong>Verlag Max Str\u00f6m<\/strong> ein Katalog erschienen, au\u00dferdem m\u00f6chte ich noch auf das erst 2011 erneut bei <strong>Aman Iman \u00c9ditions<\/strong> ver\u00f6ffentlichte &#8222;Les Amis De Place Blanche&#8220; hinweisen.<\/p>\n<p>Link: <a href=\"http:\/\/www.co-berlin.info\/\" target=\"_blank\" rel=\"noopener noreferrer\">C\/O Berlin<\/a><\/p>\n\n\t\t<style type=\"text\/css\">\n\t\t\t#gallery-1 {\n\t\t\t\tmargin: auto;\n\t\t\t}\n\t\t\t#gallery-1 .gallery-item {\n\t\t\t\tfloat: left;\n\t\t\t\tmargin-top: 10px;\n\t\t\t\ttext-align: center;\n\t\t\t\twidth: 100%;\n\t\t\t}\n\t\t\t#gallery-1 img {\n\t\t\t\tborder: 2px solid #cfcfcf;\n\t\t\t}\n\t\t\t#gallery-1 .gallery-caption {\n\t\t\t\tmargin-left: 0;\n\t\t\t}\n\t\t\t\/* see gallery_shortcode() in wp-includes\/media.php *\/\n\t\t<\/style>\n\t\t<div id='gallery-1' class='gallery galleryid-11168 gallery-columns-1 gallery-size-large'><dl class='gallery-item'>\n\t\t\t<dt class='gallery-icon portrait'>\n\t\t\t\t<img loading=\"lazy\" decoding=\"async\" width=\"620\" height=\"882\" src=\"https:\/\/www.damianzimmermann.de\/blog\/wp-content\/uploads\/06-Christer-Stro\u0308mholm.jpg\" class=\"attachment-large size-large\" alt=\"\" aria-describedby=\"gallery-1-11178\" srcset=\"https:\/\/www.damianzimmermann.de\/blog\/wp-content\/uploads\/06-Christer-Stro\u0308mholm.jpg 633w, https:\/\/www.damianzimmermann.de\/blog\/wp-content\/uploads\/06-Christer-Stro\u0308mholm-105x150.jpg 105w, https:\/\/www.damianzimmermann.de\/blog\/wp-content\/uploads\/06-Christer-Stro\u0308mholm-281x400.jpg 281w\" sizes=\"auto, (max-width: 620px) 100vw, 620px\" \/>\n\t\t\t<\/dt>\n\t\t\t\t<dd class='wp-caption-text gallery-caption' id='gallery-1-11178'>\n\t\t\t\tChrister Stro\u0308mholm: &#8222;Martine, Paris, 1968&#8220;\n\t\t\t\t<\/dd><\/dl><br style=\"clear: both\" \/><dl class='gallery-item'>\n\t\t\t<dt class='gallery-icon portrait'>\n\t\t\t\t<img loading=\"lazy\" decoding=\"async\" width=\"620\" height=\"797\" src=\"https:\/\/www.damianzimmermann.de\/blog\/wp-content\/uploads\/13-Christer-Stro\u0308mholm.jpg\" class=\"attachment-large size-large\" alt=\"\" aria-describedby=\"gallery-1-11181\" srcset=\"https:\/\/www.damianzimmermann.de\/blog\/wp-content\/uploads\/13-Christer-Stro\u0308mholm.jpg 700w, https:\/\/www.damianzimmermann.de\/blog\/wp-content\/uploads\/13-Christer-Stro\u0308mholm-116x150.jpg 116w, https:\/\/www.damianzimmermann.de\/blog\/wp-content\/uploads\/13-Christer-Stro\u0308mholm-311x400.jpg 311w\" sizes=\"auto, (max-width: 620px) 100vw, 620px\" \/>\n\t\t\t<\/dt>\n\t\t\t\t<dd class='wp-caption-text gallery-caption' id='gallery-1-11181'>\n\t\t\t\tChrister Str\u00f6mholm: &#8222;Montreuil, Paris, 1962&#8220;\n\t\t\t\t<\/dd><\/dl><br style=\"clear: both\" \/><dl class='gallery-item'>\n\t\t\t<dt class='gallery-icon landscape'>\n\t\t\t\t<img loading=\"lazy\" decoding=\"async\" width=\"620\" height=\"492\" src=\"https:\/\/www.damianzimmermann.de\/blog\/wp-content\/uploads\/12-Christer-Stro\u0308mholm.jpg\" class=\"attachment-large size-large\" alt=\"\" aria-describedby=\"gallery-1-11180\" srcset=\"https:\/\/www.damianzimmermann.de\/blog\/wp-content\/uploads\/12-Christer-Stro\u0308mholm.jpg 900w, https:\/\/www.damianzimmermann.de\/blog\/wp-content\/uploads\/12-Christer-Stro\u0308mholm-189x150.jpg 189w, https:\/\/www.damianzimmermann.de\/blog\/wp-content\/uploads\/12-Christer-Stro\u0308mholm-400x317.jpg 400w\" sizes=\"auto, (max-width: 620px) 100vw, 620px\" \/>\n\t\t\t<\/dt>\n\t\t\t\t<dd class='wp-caption-text gallery-caption' id='gallery-1-11180'>\n\t\t\t\tChrister Str\u00f6mholm: &#8222;Little Christer, Pigalle, 1955&#8220;\n\t\t\t\t<\/dd><\/dl><br style=\"clear: both\" \/><dl class='gallery-item'>\n\t\t\t<dt class='gallery-icon portrait'>\n\t\t\t\t<img loading=\"lazy\" decoding=\"async\" width=\"620\" height=\"662\" src=\"https:\/\/www.damianzimmermann.de\/blog\/wp-content\/uploads\/08-Christer-Stro\u0308mholm.jpg\" class=\"attachment-large size-large\" alt=\"\" aria-describedby=\"gallery-1-11179\" srcset=\"https:\/\/www.damianzimmermann.de\/blog\/wp-content\/uploads\/08-Christer-Stro\u0308mholm.jpg 843w, https:\/\/www.damianzimmermann.de\/blog\/wp-content\/uploads\/08-Christer-Stro\u0308mholm-140x150.jpg 140w, https:\/\/www.damianzimmermann.de\/blog\/wp-content\/uploads\/08-Christer-Stro\u0308mholm-374x400.jpg 374w\" sizes=\"auto, (max-width: 620px) 100vw, 620px\" \/>\n\t\t\t<\/dt>\n\t\t\t\t<dd class='wp-caption-text gallery-caption' id='gallery-1-11179'>\n\t\t\t\tChrister Str\u00f6mholm: &#8222;F\u00e9tiche, 1960&#8220;\n\t\t\t\t<\/dd><\/dl><br style=\"clear: both\" \/><dl class='gallery-item'>\n\t\t\t<dt class='gallery-icon portrait'>\n\t\t\t\t<img loading=\"lazy\" decoding=\"async\" width=\"620\" height=\"821\" src=\"https:\/\/www.damianzimmermann.de\/blog\/wp-content\/uploads\/01-Christer-Stro\u0308mholm.jpg\" class=\"attachment-large size-large\" alt=\"\" aria-describedby=\"gallery-1-11174\" srcset=\"https:\/\/www.damianzimmermann.de\/blog\/wp-content\/uploads\/01-Christer-Stro\u0308mholm.jpg 680w, https:\/\/www.damianzimmermann.de\/blog\/wp-content\/uploads\/01-Christer-Stro\u0308mholm-113x150.jpg 113w, https:\/\/www.damianzimmermann.de\/blog\/wp-content\/uploads\/01-Christer-Stro\u0308mholm-302x400.jpg 302w\" sizes=\"auto, (max-width: 620px) 100vw, 620px\" \/>\n\t\t\t<\/dt>\n\t\t\t\t<dd class='wp-caption-text gallery-caption' id='gallery-1-11174'>\n\t\t\t\tChrister Str\u00f6mholm: &#8222;Kischka &#038; Daniel, Paris, 1962&#8220;\n\t\t\t\t<\/dd><\/dl><br style=\"clear: both\" \/><dl class='gallery-item'>\n\t\t\t<dt class='gallery-icon portrait'>\n\t\t\t\t<img loading=\"lazy\" decoding=\"async\" width=\"620\" height=\"860\" src=\"https:\/\/www.damianzimmermann.de\/blog\/wp-content\/uploads\/03-Christer-Stro\u0308mholm.jpg\" class=\"attachment-large size-large\" alt=\"\" aria-describedby=\"gallery-1-11176\" srcset=\"https:\/\/www.damianzimmermann.de\/blog\/wp-content\/uploads\/03-Christer-Stro\u0308mholm.jpg 649w, https:\/\/www.damianzimmermann.de\/blog\/wp-content\/uploads\/03-Christer-Stro\u0308mholm-108x150.jpg 108w, https:\/\/www.damianzimmermann.de\/blog\/wp-content\/uploads\/03-Christer-Stro\u0308mholm-288x400.jpg 288w\" sizes=\"auto, (max-width: 620px) 100vw, 620px\" \/>\n\t\t\t<\/dt>\n\t\t\t\t<dd class='wp-caption-text gallery-caption' id='gallery-1-11176'>\n\t\t\t\tChrister Str\u00f6mholm: &#8222;The Boys, Montreuil, Paris, 1962&#8220;\n\t\t\t\t<\/dd><\/dl><br style=\"clear: both\" \/><dl class='gallery-item'>\n\t\t\t<dt class='gallery-icon portrait'>\n\t\t\t\t<img loading=\"lazy\" decoding=\"async\" width=\"620\" height=\"849\" src=\"https:\/\/www.damianzimmermann.de\/blog\/wp-content\/uploads\/02-Christer-Stro\u0308mholm.jpg\" class=\"attachment-large size-large\" alt=\"\" aria-describedby=\"gallery-1-11175\" srcset=\"https:\/\/www.damianzimmermann.de\/blog\/wp-content\/uploads\/02-Christer-Stro\u0308mholm.jpg 657w, https:\/\/www.damianzimmermann.de\/blog\/wp-content\/uploads\/02-Christer-Stro\u0308mholm-109x150.jpg 109w, https:\/\/www.damianzimmermann.de\/blog\/wp-content\/uploads\/02-Christer-Stro\u0308mholm-292x400.jpg 292w\" sizes=\"auto, (max-width: 620px) 100vw, 620px\" \/>\n\t\t\t<\/dt>\n\t\t\t\t<dd class='wp-caption-text gallery-caption' id='gallery-1-11175'>\n\t\t\t\tChrister Str\u00f6mholm: &#8222;Toni\u2018s Cat, Fox-Amphoux, 1965&#8220;\n\t\t\t\t<\/dd><\/dl><br style=\"clear: both\" \/><dl class='gallery-item'>\n\t\t\t<dt class='gallery-icon portrait'>\n\t\t\t\t<img loading=\"lazy\" decoding=\"async\" width=\"620\" height=\"838\" src=\"https:\/\/www.damianzimmermann.de\/blog\/wp-content\/uploads\/DSC3836.jpg\" class=\"attachment-large size-large\" alt=\"\" aria-describedby=\"gallery-1-11401\" srcset=\"https:\/\/www.damianzimmermann.de\/blog\/wp-content\/uploads\/DSC3836.jpg 666w, https:\/\/www.damianzimmermann.de\/blog\/wp-content\/uploads\/DSC3836-111x150.jpg 111w, https:\/\/www.damianzimmermann.de\/blog\/wp-content\/uploads\/DSC3836-296x400.jpg 296w\" sizes=\"auto, (max-width: 620px) 100vw, 620px\" \/>\n\t\t\t<\/dt>\n\t\t\t\t<dd class='wp-caption-text gallery-caption' id='gallery-1-11401'>\n\t\t\t\tChrister Str\u00f6mholm, Laboranweisungen auf einem gro\u00dfformatigen Abzug, das in der Ausstellung zu sehen ist\n\t\t\t\t<\/dd><\/dl><br style=\"clear: both\" \/>\n\t\t<\/div>\n\n","protected":false},"excerpt":{"rendered":"<p>Es war unertr\u00e4glich voll w\u00e4hrend der Vernissage zur Christer Str\u00f6mholm-Ausstellung &#8222;Post Scriptum&#8220; in der C\/O Berlin. Vielleicht lag es an der gleichzeitig stattfindenden Fashion Week. Vielleicht lag es&#8230;<\/p>\n","protected":false},"author":1,"featured_media":11175,"comment_status":"closed","ping_status":"open","sticky":false,"template":"","format":"standard","meta":{"footnotes":""},"categories":[6],"tags":[179,967,96,276],"class_list":["post-11168","post","type-post","status-publish","format-standard","has-post-thumbnail","hentry","category-ausstellungen","tag-anders-petersen","tag-christer-stromholm","tag-otto-steinert","tag-shomei-tomatsu"],"_links":{"self":[{"href":"https:\/\/www.damianzimmermann.de\/blog\/wp-json\/wp\/v2\/posts\/11168","targetHints":{"allow":["GET"]}}],"collection":[{"href":"https:\/\/www.damianzimmermann.de\/blog\/wp-json\/wp\/v2\/posts"}],"about":[{"href":"https:\/\/www.damianzimmermann.de\/blog\/wp-json\/wp\/v2\/types\/post"}],"author":[{"embeddable":true,"href":"https:\/\/www.damianzimmermann.de\/blog\/wp-json\/wp\/v2\/users\/1"}],"replies":[{"embeddable":true,"href":"https:\/\/www.damianzimmermann.de\/blog\/wp-json\/wp\/v2\/comments?post=11168"}],"version-history":[{"count":67,"href":"https:\/\/www.damianzimmermann.de\/blog\/wp-json\/wp\/v2\/posts\/11168\/revisions"}],"predecessor-version":[{"id":20359,"href":"https:\/\/www.damianzimmermann.de\/blog\/wp-json\/wp\/v2\/posts\/11168\/revisions\/20359"}],"wp:featuredmedia":[{"embeddable":true,"href":"https:\/\/www.damianzimmermann.de\/blog\/wp-json\/wp\/v2\/media\/11175"}],"wp:attachment":[{"href":"https:\/\/www.damianzimmermann.de\/blog\/wp-json\/wp\/v2\/media?parent=11168"}],"wp:term":[{"taxonomy":"category","embeddable":true,"href":"https:\/\/www.damianzimmermann.de\/blog\/wp-json\/wp\/v2\/categories?post=11168"},{"taxonomy":"post_tag","embeddable":true,"href":"https:\/\/www.damianzimmermann.de\/blog\/wp-json\/wp\/v2\/tags?post=11168"}],"curies":[{"name":"wp","href":"https:\/\/api.w.org\/{rel}","templated":true}]}}