{"id":10887,"date":"2013-01-09T16:36:28","date_gmt":"2013-01-09T15:36:28","guid":{"rendered":"http:\/\/www.damianzimmermann.de\/blog\/?p=10887"},"modified":"2019-03-25T15:36:01","modified_gmt":"2019-03-25T14:36:01","slug":"andreas-gursky-im-museum-kunstpalast","status":"publish","type":"post","link":"https:\/\/www.damianzimmermann.de\/blog\/andreas-gursky-im-museum-kunstpalast\/","title":{"rendered":"Andreas Gursky im Museum Kunstpalast"},"content":{"rendered":"<p>Die gro\u00dfe <strong>Andreas Gursky<\/strong>-Retrospektive im <strong>Museum Kunstpalast<\/strong> in D\u00fcsseldorf l\u00e4uft ja schon eine ganze Weile, allerdings ist meine ausf\u00fchrliche Besprechung erst jetzt in der taz erschienen.<\/p>\n<p>Inhaltlich bin ich weniger auf die Ausstellung selbst eingegangen &#8211; die meisten Arbeiten kennt man ohnehin. Mich hat vielmehr die Person Gursky und ihre Inszenierung und Mythisierung interessiert: Auch w\u00e4hrend der Pressekonferenz mit Kunstpalast-Generaldirektor <strong>Beat Wismer<\/strong> (ich war noch nie auf einer Fotografie-Pressekonferenz, an der so viele Journalisten teilgenommen haben!) wurde wieder viel von Intuition gesprochen, obwohl sie Genie meinten, was sicherlich auf viele Fotografen zutrifft &#8211; nur nicht auf einen alles bis ins Detail planenden, kontrollierenden und manipulierenden Andreas Gursky. Auf die sch\u00f6ne Frage eines Kollegen, wie Gursky damit umgehe, dass er als gr\u00f6\u00dfter lebender Fotograf gehandelt werde, sagte er zudem, dass er <strong>Jeff Wall<\/strong> und <strong>Wolfgang Tillmans<\/strong> &#8222;als gleichwertig ansehe&#8220;. Wenn das als Ausdruck seiner Bescheidenheit gemeint war, d\u00fcrfte das eher nach hinten losgegangen sein.<\/p>\n<p>Wer mag, kann sich meinen Artikel <a href=\"https:\/\/www.damianzimmermann.de\/blog\/wp-content\/uploads\/taz-Andreas-Gursky.pdf\" target=\"_blank\" rel=\"noopener noreferrer\">hier<\/a> durchlesen.<\/p>\n<p>Link: <a href=\"http:\/\/www.smkp.de\/ausstellungen\/aktuell\/andreas-gursky.html\" target=\"_blank\" rel=\"noopener noreferrer\">Museum Kunstpalast<\/a><\/p>\n\n\t\t<style type=\"text\/css\">\n\t\t\t#gallery-1 {\n\t\t\t\tmargin: auto;\n\t\t\t}\n\t\t\t#gallery-1 .gallery-item {\n\t\t\t\tfloat: left;\n\t\t\t\tmargin-top: 10px;\n\t\t\t\ttext-align: center;\n\t\t\t\twidth: 100%;\n\t\t\t}\n\t\t\t#gallery-1 img {\n\t\t\t\tborder: 2px solid #cfcfcf;\n\t\t\t}\n\t\t\t#gallery-1 .gallery-caption {\n\t\t\t\tmargin-left: 0;\n\t\t\t}\n\t\t\t\/* see gallery_shortcode() in wp-includes\/media.php *\/\n\t\t<\/style>\n\t\t<div id='gallery-1' class='gallery galleryid-10887 gallery-columns-1 gallery-size-large'><dl class='gallery-item'>\n\t\t\t<dt class='gallery-icon portrait'>\n\t\t\t\t<img loading=\"lazy\" decoding=\"async\" width=\"620\" height=\"880\" src=\"https:\/\/www.damianzimmermann.de\/blog\/wp-content\/uploads\/Gursky_Bahrain_I.jpg\" class=\"attachment-large size-large\" alt=\"\" aria-describedby=\"gallery-1-10893\" srcset=\"https:\/\/www.damianzimmermann.de\/blog\/wp-content\/uploads\/Gursky_Bahrain_I.jpg 634w, https:\/\/www.damianzimmermann.de\/blog\/wp-content\/uploads\/Gursky_Bahrain_I-105x150.jpg 105w, https:\/\/www.damianzimmermann.de\/blog\/wp-content\/uploads\/Gursky_Bahrain_I-281x400.jpg 281w\" sizes=\"auto, (max-width: 620px) 100vw, 620px\" \/>\n\t\t\t<\/dt>\n\t\t\t\t<dd class='wp-caption-text gallery-caption' id='gallery-1-10893'>\n\t\t\t\tAndreas Gursky, Bahrain I, 2005, C-Print, 306 x 221,5 x 6,2 cm (gerahmt), \u00a9 Andreas Gursky \/ VG Bild-Kunst, Bonn 2012, Courtesy: Spr\u00fcth Magers Berlin London \n\t\t\t\t<\/dd><\/dl><br style=\"clear: both\" \/><dl class='gallery-item'>\n\t\t\t<dt class='gallery-icon landscape'>\n\t\t\t\t<img loading=\"lazy\" decoding=\"async\" width=\"620\" height=\"447\" src=\"https:\/\/www.damianzimmermann.de\/blog\/wp-content\/uploads\/Gursky-_R__Katar.jpg\" class=\"attachment-large size-large\" alt=\"\" aria-describedby=\"gallery-1-10897\" srcset=\"https:\/\/www.damianzimmermann.de\/blog\/wp-content\/uploads\/Gursky-_R__Katar.jpg 900w, https:\/\/www.damianzimmermann.de\/blog\/wp-content\/uploads\/Gursky-_R__Katar-200x144.jpg 200w, https:\/\/www.damianzimmermann.de\/blog\/wp-content\/uploads\/Gursky-_R__Katar-400x288.jpg 400w\" sizes=\"auto, (max-width: 620px) 100vw, 620px\" \/>\n\t\t\t<\/dt>\n\t\t\t\t<dd class='wp-caption-text gallery-caption' id='gallery-1-10897'>\n\t\t\t\tAndreas Gursky, Katar, 2012, Inkjet-Print, 249 x 337,3 x 6,2 cm \u00a9 Andreas Gursky \/ VG Bild-Kunst, Bonn 2012 Courtesy Spr\u00fcth Magers Berlin London \n\t\t\t\t<\/dd><\/dl><br style=\"clear: both\" \/><dl class='gallery-item'>\n\t\t\t<dt class='gallery-icon landscape'>\n\t\t\t\t<img loading=\"lazy\" decoding=\"async\" width=\"620\" height=\"275\" src=\"https:\/\/www.damianzimmermann.de\/blog\/wp-content\/uploads\/Gursky_c__Ohne_Titel_XV-1024x454.jpg\" class=\"attachment-large size-large\" alt=\"\" aria-describedby=\"gallery-1-10896\" srcset=\"https:\/\/www.damianzimmermann.de\/blog\/wp-content\/uploads\/Gursky_c__Ohne_Titel_XV-1024x454.jpg 1024w, https:\/\/www.damianzimmermann.de\/blog\/wp-content\/uploads\/Gursky_c__Ohne_Titel_XV-200x88.jpg 200w, https:\/\/www.damianzimmermann.de\/blog\/wp-content\/uploads\/Gursky_c__Ohne_Titel_XV-400x177.jpg 400w, https:\/\/www.damianzimmermann.de\/blog\/wp-content\/uploads\/Gursky_c__Ohne_Titel_XV.jpg 1200w\" sizes=\"auto, (max-width: 620px) 100vw, 620px\" \/>\n\t\t\t<\/dt>\n\t\t\t\t<dd class='wp-caption-text gallery-caption' id='gallery-1-10896'>\n\t\t\t\tAndreas Gursky, ohne Titel XV, 2008, C-Print, 237 x 506 x 6,2 cm, \u00a9 Andreas Gursky \/ VG Bild-Kunst, Bonn 2012, Courtesy: Spr\u00fcth Magers Berlin London \n\t\t\t\t<\/dd><\/dl><br style=\"clear: both\" \/><dl class='gallery-item'>\n\t\t\t<dt class='gallery-icon landscape'>\n\t\t\t\t<img loading=\"lazy\" decoding=\"async\" width=\"620\" height=\"433\" src=\"https:\/\/www.damianzimmermann.de\/blog\/wp-content\/uploads\/Gursky_c__Ocean_I.jpg\" class=\"attachment-large size-large\" alt=\"\" aria-describedby=\"gallery-1-10895\" srcset=\"https:\/\/www.damianzimmermann.de\/blog\/wp-content\/uploads\/Gursky_c__Ocean_I.jpg 900w, https:\/\/www.damianzimmermann.de\/blog\/wp-content\/uploads\/Gursky_c__Ocean_I-200x139.jpg 200w, https:\/\/www.damianzimmermann.de\/blog\/wp-content\/uploads\/Gursky_c__Ocean_I-400x279.jpg 400w\" sizes=\"auto, (max-width: 620px) 100vw, 620px\" \/>\n\t\t\t<\/dt>\n\t\t\t\t<dd class='wp-caption-text gallery-caption' id='gallery-1-10895'>\n\t\t\t\tAndreas Gursky, Ocean I, 2010, C-Print, 249,4 x 348,4 x 6,4 cm, \u00a9 Andreas Gursky \/ VG Bild-Kunst, Bonn 2012, Courtesy: Spr\u00fcth Magers Berlin London \n\t\t\t\t<\/dd><\/dl><br style=\"clear: both\" \/><dl class='gallery-item'>\n\t\t\t<dt class='gallery-icon portrait'>\n\t\t\t\t<img loading=\"lazy\" decoding=\"async\" width=\"620\" height=\"845\" src=\"https:\/\/www.damianzimmermann.de\/blog\/wp-content\/uploads\/Gursky_c__Bangkok_V_01.jpg\" class=\"attachment-large size-large\" alt=\"\" aria-describedby=\"gallery-1-10894\" srcset=\"https:\/\/www.damianzimmermann.de\/blog\/wp-content\/uploads\/Gursky_c__Bangkok_V_01.jpg 660w, https:\/\/www.damianzimmermann.de\/blog\/wp-content\/uploads\/Gursky_c__Bangkok_V_01-110x150.jpg 110w, https:\/\/www.damianzimmermann.de\/blog\/wp-content\/uploads\/Gursky_c__Bangkok_V_01-293x400.jpg 293w\" sizes=\"auto, (max-width: 620px) 100vw, 620px\" \/>\n\t\t\t<\/dt>\n\t\t\t\t<dd class='wp-caption-text gallery-caption' id='gallery-1-10894'>\n\t\t\t\tAndreas Gursky, Bangkok V, 2011, (C-Print), 307 x 227 x 6,2 cm (gerahmt) \u00a9 Andreas Gursky \/ VG Bild-Kunst, Bonn 2012 Courtesy Spr\u00fcth Magers Berlin London \n\t\t\t\t<\/dd><\/dl><br style=\"clear: both\" \/><dl class='gallery-item'>\n\t\t\t<dt class='gallery-icon landscape'>\n\t\t\t\t<img loading=\"lazy\" decoding=\"async\" width=\"620\" height=\"349\" src=\"https:\/\/www.damianzimmermann.de\/blog\/wp-content\/uploads\/Gursky-Fotografen.jpg\" class=\"attachment-large size-large\" alt=\"\" aria-describedby=\"gallery-1-10891\" srcset=\"https:\/\/www.damianzimmermann.de\/blog\/wp-content\/uploads\/Gursky-Fotografen.jpg 900w, https:\/\/www.damianzimmermann.de\/blog\/wp-content\/uploads\/Gursky-Fotografen-200x112.jpg 200w, https:\/\/www.damianzimmermann.de\/blog\/wp-content\/uploads\/Gursky-Fotografen-400x225.jpg 400w\" sizes=\"auto, (max-width: 620px) 100vw, 620px\" \/>\n\t\t\t<\/dt>\n\t\t\t\t<dd class='wp-caption-text gallery-caption' id='gallery-1-10891'>\n\t\t\t\tAndreas Gursky vor seinem Bild &#8222;Katar&#8220; aus dem Jahr 2012 w\u00e4hrend der Pressekonferenz im Museum Kunstpalast \u00a9 Damian Zimmermann\n\t\t\t\t<\/dd><\/dl><br style=\"clear: both\" \/>\n\t\t<\/div>\n\n","protected":false},"excerpt":{"rendered":"<p>Die gro\u00dfe Andreas Gursky-Retrospektive im Museum Kunstpalast in D\u00fcsseldorf l\u00e4uft ja schon eine ganze Weile, allerdings ist meine ausf\u00fchrliche Besprechung erst jetzt in der taz erschienen. Inhaltlich bin&#8230;<\/p>\n","protected":false},"author":1,"featured_media":10893,"comment_status":"closed","ping_status":"open","sticky":false,"template":"","format":"standard","meta":{"footnotes":""},"categories":[6],"tags":[41,958,611,620],"class_list":["post-10887","post","type-post","status-publish","format-standard","has-post-thumbnail","hentry","category-ausstellungen","tag-andreas-gursky","tag-beat-wismer","tag-jeff-wall","tag-wolfgang-tillmans"],"_links":{"self":[{"href":"https:\/\/www.damianzimmermann.de\/blog\/wp-json\/wp\/v2\/posts\/10887","targetHints":{"allow":["GET"]}}],"collection":[{"href":"https:\/\/www.damianzimmermann.de\/blog\/wp-json\/wp\/v2\/posts"}],"about":[{"href":"https:\/\/www.damianzimmermann.de\/blog\/wp-json\/wp\/v2\/types\/post"}],"author":[{"embeddable":true,"href":"https:\/\/www.damianzimmermann.de\/blog\/wp-json\/wp\/v2\/users\/1"}],"replies":[{"embeddable":true,"href":"https:\/\/www.damianzimmermann.de\/blog\/wp-json\/wp\/v2\/comments?post=10887"}],"version-history":[{"count":29,"href":"https:\/\/www.damianzimmermann.de\/blog\/wp-json\/wp\/v2\/posts\/10887\/revisions"}],"predecessor-version":[{"id":20367,"href":"https:\/\/www.damianzimmermann.de\/blog\/wp-json\/wp\/v2\/posts\/10887\/revisions\/20367"}],"wp:featuredmedia":[{"embeddable":true,"href":"https:\/\/www.damianzimmermann.de\/blog\/wp-json\/wp\/v2\/media\/10893"}],"wp:attachment":[{"href":"https:\/\/www.damianzimmermann.de\/blog\/wp-json\/wp\/v2\/media?parent=10887"}],"wp:term":[{"taxonomy":"category","embeddable":true,"href":"https:\/\/www.damianzimmermann.de\/blog\/wp-json\/wp\/v2\/categories?post=10887"},{"taxonomy":"post_tag","embeddable":true,"href":"https:\/\/www.damianzimmermann.de\/blog\/wp-json\/wp\/v2\/tags?post=10887"}],"curies":[{"name":"wp","href":"https:\/\/api.w.org\/{rel}","templated":true}]}}