{"id":10862,"date":"2013-01-08T09:50:51","date_gmt":"2013-01-08T08:50:51","guid":{"rendered":"http:\/\/www.damianzimmermann.de\/blog\/?p=10862"},"modified":"2023-12-04T10:19:34","modified_gmt":"2023-12-04T09:19:34","slug":"zum-tod-von-shomei-tomatsu","status":"publish","type":"post","link":"https:\/\/www.damianzimmermann.de\/blog\/zum-tod-von-shomei-tomatsu\/","title":{"rendered":"Zum Tod von Sh\u00f4mei T\u00f4matsu"},"content":{"rendered":"<p>Erst gestern wurde bekannt, dass <strong>Sh\u00f4mei T\u00f4matsu<\/strong>, der als einer der einflussreichsten Fotografen Japans gilt, bereits am 14. Dezember in einem Krankenhaus in Naha, Okinawa, an den Folgen einer Lungenentz\u00fcndung gestorben ist.<\/p>\n<p>Im K\u00f6lner Stadt-Anzeiger ist ein kurzer\u00a0<a href=\"https:\/\/www.damianzimmermann.de\/blog\/wp-content\/uploads\/236-Nachruf-Tomatsu.pdf\" target=\"_blank\" rel=\"noopener noreferrer\">Nachruf<\/a> von mir zusammen mit einem seiner bekanntesten Fotografien von den Studenten-Demonstrationen in Tokyo 1969 erschienen.<\/p>\n\n\t\t<style type=\"text\/css\">\n\t\t\t#gallery-1 {\n\t\t\t\tmargin: auto;\n\t\t\t}\n\t\t\t#gallery-1 .gallery-item {\n\t\t\t\tfloat: left;\n\t\t\t\tmargin-top: 10px;\n\t\t\t\ttext-align: center;\n\t\t\t\twidth: 100%;\n\t\t\t}\n\t\t\t#gallery-1 img {\n\t\t\t\tborder: 2px solid #cfcfcf;\n\t\t\t}\n\t\t\t#gallery-1 .gallery-caption {\n\t\t\t\tmargin-left: 0;\n\t\t\t}\n\t\t\t\/* see gallery_shortcode() in wp-includes\/media.php *\/\n\t\t<\/style>\n\t\t<div id='gallery-1' class='gallery galleryid-10862 gallery-columns-1 gallery-size-large'><dl class='gallery-item'>\n\t\t\t<dt class='gallery-icon landscape'>\n\t\t\t\t<img loading=\"lazy\" decoding=\"async\" width=\"620\" height=\"431\" src=\"https:\/\/www.damianzimmermann.de\/blog\/wp-content\/uploads\/TOMATSU-03087.jpg\" class=\"attachment-large size-large\" alt=\"\" aria-describedby=\"gallery-1-10873\" srcset=\"https:\/\/www.damianzimmermann.de\/blog\/wp-content\/uploads\/TOMATSU-03087.jpg 900w, https:\/\/www.damianzimmermann.de\/blog\/wp-content\/uploads\/TOMATSU-03087-200x139.jpg 200w, https:\/\/www.damianzimmermann.de\/blog\/wp-content\/uploads\/TOMATSU-03087-400x278.jpg 400w\" sizes=\"auto, (max-width: 620px) 100vw, 620px\" \/>\n\t\t\t<\/dt>\n\t\t\t\t<dd class='wp-caption-text gallery-caption' id='gallery-1-10873'>\n\t\t\t\tSh\u00f4mei T\u00f4matsu, o. T. (Hateruma-jima, Okinawa), aus der Serie &#8222;The Pencil of the Sun&#8220;, 1971, \u00a9 Sh\u00f4mei T\u00f4matsu \/ Courtesy Galerie Priska Pasquer, K\u00f6ln\n\t\t\t\t<\/dd><\/dl><br style=\"clear: both\" \/><dl class='gallery-item'>\n\t\t\t<dt class='gallery-icon landscape'>\n\t\t\t\t<img loading=\"lazy\" decoding=\"async\" width=\"620\" height=\"435\" src=\"https:\/\/www.damianzimmermann.de\/blog\/wp-content\/uploads\/TOMATSU-071341.jpg\" class=\"attachment-large size-large\" alt=\"\" aria-describedby=\"gallery-1-10875\" srcset=\"https:\/\/www.damianzimmermann.de\/blog\/wp-content\/uploads\/TOMATSU-071341.jpg 900w, https:\/\/www.damianzimmermann.de\/blog\/wp-content\/uploads\/TOMATSU-071341-200x140.jpg 200w, https:\/\/www.damianzimmermann.de\/blog\/wp-content\/uploads\/TOMATSU-071341-400x280.jpg 400w\" sizes=\"auto, (max-width: 620px) 100vw, 620px\" \/>\n\t\t\t<\/dt>\n\t\t\t\t<dd class='wp-caption-text gallery-caption' id='gallery-1-10875'>\n\t\t\t\tCoca-cola, Tokyo, 1969 \u00a9 Sh\u00f4mei T\u00f4matsu \/ Courtesy Galerie Priska Pasquer, K\u00f6ln\n\t\t\t\t<\/dd><\/dl><br style=\"clear: both\" \/><dl class='gallery-item'>\n\t\t\t<dt class='gallery-icon portrait'>\n\t\t\t\t<img loading=\"lazy\" decoding=\"async\" width=\"367\" height=\"497\" src=\"https:\/\/www.damianzimmermann.de\/blog\/wp-content\/uploads\/Tomatsu-03080-501.jpg\" class=\"attachment-large size-large\" alt=\"\" aria-describedby=\"gallery-1-10879\" srcset=\"https:\/\/www.damianzimmermann.de\/blog\/wp-content\/uploads\/Tomatsu-03080-501.jpg 367w, https:\/\/www.damianzimmermann.de\/blog\/wp-content\/uploads\/Tomatsu-03080-501-110x150.jpg 110w, https:\/\/www.damianzimmermann.de\/blog\/wp-content\/uploads\/Tomatsu-03080-501-295x400.jpg 295w\" sizes=\"auto, (max-width: 367px) 100vw, 367px\" \/>\n\t\t\t<\/dt>\n\t\t\t\t<dd class='wp-caption-text gallery-caption' id='gallery-1-10879'>\n\t\t\t\tSh\u00f4mei T\u00f4matsu, Prostituierte, 1957 \u00a9 Shomei Tomatsu \/ Courtesy Galerie Priska Pasquer, K\u00f6ln\n\t\t\t\t<\/dd><\/dl><br style=\"clear: both\" \/><dl class='gallery-item'>\n\t\t\t<dt class='gallery-icon landscape'>\n\t\t\t\t<img loading=\"lazy\" decoding=\"async\" width=\"620\" height=\"461\" src=\"https:\/\/www.damianzimmermann.de\/blog\/wp-content\/uploads\/TOMATSU-071331.jpg\" class=\"attachment-large size-large\" alt=\"\" aria-describedby=\"gallery-1-10874\" srcset=\"https:\/\/www.damianzimmermann.de\/blog\/wp-content\/uploads\/TOMATSU-071331.jpg 900w, https:\/\/www.damianzimmermann.de\/blog\/wp-content\/uploads\/TOMATSU-071331-200x148.jpg 200w, https:\/\/www.damianzimmermann.de\/blog\/wp-content\/uploads\/TOMATSU-071331-400x297.jpg 400w\" sizes=\"auto, (max-width: 620px) 100vw, 620px\" \/>\n\t\t\t<\/dt>\n\t\t\t\t<dd class='wp-caption-text gallery-caption' id='gallery-1-10874'>\n\t\t\t\tUntitled, from the series &#8218;Protest, Tokyo&#8216;, 1969 \u00a9 Sh\u00f4mei T\u00f4matsu \/ Courtesy Galerie Priska Pasquer, K\u00f6ln\n\t\t\t\t<\/dd><\/dl><br style=\"clear: both\" \/><dl class='gallery-item'>\n\t\t\t<dt class='gallery-icon portrait'>\n\t\t\t\t<img loading=\"lazy\" decoding=\"async\" width=\"620\" height=\"676\" src=\"https:\/\/www.damianzimmermann.de\/blog\/wp-content\/uploads\/TOMATSU-03083.jpg\" class=\"attachment-large size-large\" alt=\"\" aria-describedby=\"gallery-1-10872\" srcset=\"https:\/\/www.damianzimmermann.de\/blog\/wp-content\/uploads\/TOMATSU-03083.jpg 825w, https:\/\/www.damianzimmermann.de\/blog\/wp-content\/uploads\/TOMATSU-03083-137x150.jpg 137w, https:\/\/www.damianzimmermann.de\/blog\/wp-content\/uploads\/TOMATSU-03083-366x400.jpg 366w\" sizes=\"auto, (max-width: 620px) 100vw, 620px\" \/>\n\t\t\t<\/dt>\n\t\t\t\t<dd class='wp-caption-text gallery-caption' id='gallery-1-10872'>\n\t\t\t\tSh\u00f4mei T\u00f4matsu, Flaschen, geschmolzen und verformt durch die Hitze der Atombombe, Radioaktivit\u00e4t und Feuer, Nagasaki,  1961, printed 1974 \u00a9 Sh\u00f4mei T\u00f4matsu \/ Courtesy Galerie Priska Pasquer, K\u00f6ln\n\t\t\t\t<\/dd><\/dl><br style=\"clear: both\" \/><dl class='gallery-item'>\n\t\t\t<dt class='gallery-icon portrait'>\n\t\t\t\t<img loading=\"lazy\" decoding=\"async\" width=\"620\" height=\"651\" src=\"https:\/\/www.damianzimmermann.de\/blog\/wp-content\/uploads\/TOMATSU-071401.jpg\" class=\"attachment-large size-large\" alt=\"\" aria-describedby=\"gallery-1-10877\" srcset=\"https:\/\/www.damianzimmermann.de\/blog\/wp-content\/uploads\/TOMATSU-071401.jpg 857w, https:\/\/www.damianzimmermann.de\/blog\/wp-content\/uploads\/TOMATSU-071401-142x150.jpg 142w, https:\/\/www.damianzimmermann.de\/blog\/wp-content\/uploads\/TOMATSU-071401-380x400.jpg 380w\" sizes=\"auto, (max-width: 620px) 100vw, 620px\" \/>\n\t\t\t<\/dt>\n\t\t\t\t<dd class='wp-caption-text gallery-caption' id='gallery-1-10877'>\n\t\t\t\tUntitled (Naha, Okinawa), from the series &#8218;The Pencil of the Sun&#8216;, 1973 \u00a9 Sh\u00f4mei T\u00f4matsu \/ Courtesy Galerie Priska Pasquer, K\u00f6ln\n\t\t\t\t<\/dd><\/dl><br style=\"clear: both\" \/><dl class='gallery-item'>\n\t\t\t<dt class='gallery-icon landscape'>\n\t\t\t\t<img loading=\"lazy\" decoding=\"async\" width=\"620\" height=\"410\" src=\"https:\/\/www.damianzimmermann.de\/blog\/wp-content\/uploads\/TOMATSU-071361.jpg\" class=\"attachment-large size-large\" alt=\"\" aria-describedby=\"gallery-1-10876\" srcset=\"https:\/\/www.damianzimmermann.de\/blog\/wp-content\/uploads\/TOMATSU-071361.jpg 900w, https:\/\/www.damianzimmermann.de\/blog\/wp-content\/uploads\/TOMATSU-071361-200x132.jpg 200w, https:\/\/www.damianzimmermann.de\/blog\/wp-content\/uploads\/TOMATSU-071361-400x264.jpg 400w\" sizes=\"auto, (max-width: 620px) 100vw, 620px\" \/>\n\t\t\t<\/dt>\n\t\t\t\t<dd class='wp-caption-text gallery-caption' id='gallery-1-10876'>\n\t\t\t\tJapan World Exposition, 1969 \u00a9 Sh\u00f4mei T\u00f4matsu \/ Courtesy Galerie Priska Pasquer, K\u00f6ln\n\t\t\t\t<\/dd><\/dl><br style=\"clear: both\" \/><dl class='gallery-item'>\n\t\t\t<dt class='gallery-icon landscape'>\n\t\t\t\t<img loading=\"lazy\" decoding=\"async\" width=\"620\" height=\"535\" src=\"https:\/\/www.damianzimmermann.de\/blog\/wp-content\/uploads\/Portrait-Shomei-Tomatsu-June-2012-Copyright-Roland-Angst.jpg\" class=\"attachment-large size-large\" alt=\"\" aria-describedby=\"gallery-1-10878\" srcset=\"https:\/\/www.damianzimmermann.de\/blog\/wp-content\/uploads\/Portrait-Shomei-Tomatsu-June-2012-Copyright-Roland-Angst.jpg 900w, https:\/\/www.damianzimmermann.de\/blog\/wp-content\/uploads\/Portrait-Shomei-Tomatsu-June-2012-Copyright-Roland-Angst-173x150.jpg 173w, https:\/\/www.damianzimmermann.de\/blog\/wp-content\/uploads\/Portrait-Shomei-Tomatsu-June-2012-Copyright-Roland-Angst-400x345.jpg 400w\" sizes=\"auto, (max-width: 620px) 100vw, 620px\" \/>\n\t\t\t<\/dt>\n\t\t\t\t<dd class='wp-caption-text gallery-caption' id='gallery-1-10878'>\n\t\t\t\tSh\u00f4mei T\u00f4matsu im Juni 2012 \u00a9 Roland Angst\n\t\t\t\t<\/dd><\/dl><br style=\"clear: both\" \/>\n\t\t<\/div>\n\n","protected":false},"excerpt":{"rendered":"<p>Erst gestern wurde bekannt, dass Sh\u00f4mei T\u00f4matsu, der als einer der einflussreichsten Fotografen Japans gilt, bereits am 14. Dezember in einem Krankenhaus in Naha, Okinawa, an den Folgen&#8230;<\/p>\n","protected":false},"author":1,"featured_media":10878,"comment_status":"closed","ping_status":"closed","sticky":false,"template":"","format":"standard","meta":{"footnotes":""},"categories":[1],"tags":[1316,276],"class_list":["post-10862","post","type-post","status-publish","format-standard","has-post-thumbnail","hentry","category-allgemein","tag-nachruf","tag-shomei-tomatsu"],"_links":{"self":[{"href":"https:\/\/www.damianzimmermann.de\/blog\/wp-json\/wp\/v2\/posts\/10862","targetHints":{"allow":["GET"]}}],"collection":[{"href":"https:\/\/www.damianzimmermann.de\/blog\/wp-json\/wp\/v2\/posts"}],"about":[{"href":"https:\/\/www.damianzimmermann.de\/blog\/wp-json\/wp\/v2\/types\/post"}],"author":[{"embeddable":true,"href":"https:\/\/www.damianzimmermann.de\/blog\/wp-json\/wp\/v2\/users\/1"}],"replies":[{"embeddable":true,"href":"https:\/\/www.damianzimmermann.de\/blog\/wp-json\/wp\/v2\/comments?post=10862"}],"version-history":[{"count":16,"href":"https:\/\/www.damianzimmermann.de\/blog\/wp-json\/wp\/v2\/posts\/10862\/revisions"}],"predecessor-version":[{"id":20368,"href":"https:\/\/www.damianzimmermann.de\/blog\/wp-json\/wp\/v2\/posts\/10862\/revisions\/20368"}],"wp:featuredmedia":[{"embeddable":true,"href":"https:\/\/www.damianzimmermann.de\/blog\/wp-json\/wp\/v2\/media\/10878"}],"wp:attachment":[{"href":"https:\/\/www.damianzimmermann.de\/blog\/wp-json\/wp\/v2\/media?parent=10862"}],"wp:term":[{"taxonomy":"category","embeddable":true,"href":"https:\/\/www.damianzimmermann.de\/blog\/wp-json\/wp\/v2\/categories?post=10862"},{"taxonomy":"post_tag","embeddable":true,"href":"https:\/\/www.damianzimmermann.de\/blog\/wp-json\/wp\/v2\/tags?post=10862"}],"curies":[{"name":"wp","href":"https:\/\/api.w.org\/{rel}","templated":true}]}}