{"id":10666,"date":"2012-12-18T19:12:40","date_gmt":"2012-12-18T18:12:40","guid":{"rendered":"http:\/\/www.damianzimmermann.de\/blog\/?p=10666"},"modified":"2019-03-25T15:43:52","modified_gmt":"2019-03-25T14:43:52","slug":"das-buch-gestalten-mit-licht-und-schatten","status":"publish","type":"post","link":"https:\/\/www.damianzimmermann.de\/blog\/das-buch-gestalten-mit-licht-und-schatten\/","title":{"rendered":"Das Buch &#8222;Gestalten mit Licht und Schatten&#8220;"},"content":{"rendered":"<p>An dieser Stelle m\u00f6chte ich das vor wenigen Wochen erschienene Lehrbuch &#8222;Gestalten mit Licht und Schatten &#8211; Vom Portr\u00e4t bis zur Landschaft&#8220; von <strong>Oliver Rausch<\/strong> vorstellen. Rausch hat Fotografie an der &#8222;Royal Academie&#8220; in Den Haag und an der &#8222;Rijksakademie&#8220; in Amsterdam studiert und ist Mitgr\u00fcnder der Fotoschule-Koeln und der Fotoakademie-Koeln. Mit seinem Wissen und seiner Leidenschaft hat er wesentlich zu meiner Begeisterung und mein Verst\u00e4ndnis f\u00fcr die Fotografie beigetragen.<\/p>\n<p>Im <strong>Pearson Verlag<\/strong> ist nun sein erstes Buch erschienen (336 Seiten, 39,95 Euro), in dem er sich, wie der Name bereits sagt, mit den M\u00f6glichkeiten der Bildgestaltung besch\u00e4ftigt, die einem die Lichtsetzung bietet. Nat\u00fcrlich ist es deshalb (auch) ein technisches Buch, doch vor allem will Rausch, dass seine Leser ihre Wahrnehmung schulen, damit sie &#8222;die einzelnen Wirkungen von Licht im Bild sp\u00fcrbar und damit gestalterisch nutzbar&#8220; machen k\u00f6nnen: &#8222;Mein Ziel ist es, Ihnen ein Grundverst\u00e4ndnis f\u00fcr Licht und seine Wirkungsgewalt in Bildern zu vermitteln, mit dem Sie das Licht anderer Fotografen selbst analysieren und verstehen k\u00f6nnen, um es f\u00fcr sich selbst zu nutzen und auch nach eigenen W\u00fcnschen und Ideen frei abzuwandeln.&#8220;<\/p>\n<p>Nat\u00fcrlich liefert Oliver Rausch zun\u00e4chst einmal Erkl\u00e4rungen f\u00fcr die drei Hauptlichtarten Seitenlicht, Rembrandtlicht und hochfrontales Licht und erkl\u00e4rt deren Aufbau und Wirkung sehr detailiert. Aber auch das Gegenlicht sowie die &#8222;unnat\u00fcrlichen&#8220; Lichtarten wie Unterlicht, Zangenbeleuchtung und der Ringblitz kommen in langen und sehr ausf\u00fchrlichen Kapiteln vor.<\/p>\n<p>Genauso wichtig wie die Detailtiefe der technisch-gestalterischen Erkl\u00e4rungen sind f\u00fcr mich pers\u00f6nlich jedoch die zahlreichen kunstgeschichtlichen und popkulturellen Verweise &#8211; unter anderem verwendet Rausch Fotos von seinen Studenten, um Wirkungen aufzuzeigen, er baut aber auch immer wieder &#8222;Exkurse&#8220; ein, in denen er mit QR-Codes auf weitere Bilder und Videos wie beispielsweise die <strong>Edgar-Wallace<\/strong>-Filme und <strong>Stanley Kubricks<\/strong> &#8222;Shining&#8220; verweist. Dies ist insofern wichtig, da ich immer wieder bemerke, dass gerade in der Rezension und der Reflexion k\u00fcnstlerischer Fotografie meist auf die Bildmotive, aber viel zu selten auf die Bildgestaltung eingegangen wird. Bestenfalls wird der gestalterische Aufbau einer Fotografie mit der Malerei verglichen, aber in den seltensten F\u00e4llen werden die Gestaltung und ihre Wirkung analysiert.<\/p>\n<p>Am dramatischsten ist mir dies w\u00e4hrend der Pressekonferenz zur &#8222;Lebensmittel&#8220;-Ausstellung von <strong>Michael Schmidt<\/strong> im <strong>Museum Morsbroich<\/strong> aufgefallen. Dort waren zwei von mir ansonsten sehr gesch\u00e4tzte Journalisten-Kollegen (beides Kunsthistoriker) vollkommen erstaunt dar\u00fcber, dass die Mortadella bei Michael Schmidt so abschreckend aussieht, w\u00e4hrend sie im Werbeprospekt vom Edeka immer so lecker wirke &#8211; schlie\u00dflich sei es doch die gleiche Wurst. Das die Aussage einer Fotografie nicht zwangsl\u00e4ufig vom Motiv, sondern von der Gestaltung (und somit auch vom Licht) abh\u00e4ngt, war f\u00fcr sie offensichtlich vollkommen neu. Insofern kann ich &#8222;Gestalten mit Licht und Schatten&#8220; nicht nur angehenden Fotografen, sondern grunds\u00e4tzlich allen Menschen empfehlen, die sich regelm\u00e4\u00dfig mit Fotografien auseinandersetzen wollen und m\u00fcssen, um diese besser verstehen und hinterfragen zu k\u00f6nnen. Und letztlich auch, um vor Manipulationen gewappnet zu sein.<\/p>\n<p>Link: <a href=\"http:\/\/bookshop.pearson.de\/main\/main.asp?page=books\/bookdetails&amp;ProductID=187395\" target=\"_blank\" rel=\"noopener noreferrer\">Pearson<\/a>, <a href=\"http:\/\/www.fotoschule-koeln.de\/\" target=\"_blank\" rel=\"noopener noreferrer\">Fotoschule-Koeln<\/a><\/p>\n\n\t\t<style type=\"text\/css\">\n\t\t\t#gallery-1 {\n\t\t\t\tmargin: auto;\n\t\t\t}\n\t\t\t#gallery-1 .gallery-item {\n\t\t\t\tfloat: left;\n\t\t\t\tmargin-top: 10px;\n\t\t\t\ttext-align: center;\n\t\t\t\twidth: 100%;\n\t\t\t}\n\t\t\t#gallery-1 img {\n\t\t\t\tborder: 2px solid #cfcfcf;\n\t\t\t}\n\t\t\t#gallery-1 .gallery-caption {\n\t\t\t\tmargin-left: 0;\n\t\t\t}\n\t\t\t\/* see gallery_shortcode() in wp-includes\/media.php *\/\n\t\t<\/style>\n\t\t<div id='gallery-1' class='gallery galleryid-10666 gallery-columns-1 gallery-size-large'><dl class='gallery-item'>\n\t\t\t<dt class='gallery-icon portrait'>\n\t\t\t\t<img loading=\"lazy\" decoding=\"async\" width=\"620\" height=\"700\" src=\"https:\/\/www.damianzimmermann.de\/blog\/wp-content\/uploads\/cover1.jpg\" class=\"attachment-large size-large\" alt=\"\" aria-describedby=\"gallery-1-10671\" srcset=\"https:\/\/www.damianzimmermann.de\/blog\/wp-content\/uploads\/cover1.jpg 797w, https:\/\/www.damianzimmermann.de\/blog\/wp-content\/uploads\/cover1-132x150.jpg 132w, https:\/\/www.damianzimmermann.de\/blog\/wp-content\/uploads\/cover1-354x400.jpg 354w\" sizes=\"auto, (max-width: 620px) 100vw, 620px\" \/>\n\t\t\t<\/dt>\n\t\t\t\t<dd class='wp-caption-text gallery-caption' id='gallery-1-10671'>\n\t\t\t\tOliver Rausch: &#8222;Gestalten mit Licht und Schatten&#8220; &#8211; Cover\n\t\t\t\t<\/dd><\/dl><br style=\"clear: both\" \/><dl class='gallery-item'>\n\t\t\t<dt class='gallery-icon portrait'>\n\t\t\t\t<img loading=\"lazy\" decoding=\"async\" width=\"551\" height=\"693\" src=\"https:\/\/www.damianzimmermann.de\/blog\/wp-content\/uploads\/Seite160.jpg\" class=\"attachment-large size-large\" alt=\"\" aria-describedby=\"gallery-1-10675\" srcset=\"https:\/\/www.damianzimmermann.de\/blog\/wp-content\/uploads\/Seite160.jpg 551w, https:\/\/www.damianzimmermann.de\/blog\/wp-content\/uploads\/Seite160-119x150.jpg 119w, https:\/\/www.damianzimmermann.de\/blog\/wp-content\/uploads\/Seite160-318x399.jpg 318w\" sizes=\"auto, (max-width: 551px) 100vw, 551px\" \/>\n\t\t\t<\/dt>\n\t\t\t\t<dd class='wp-caption-text gallery-caption' id='gallery-1-10675'>\n\t\t\t\taus dem Buch &#8222;Gestalten mit Licht und Schatten&#8220; von Oliver Rausch\n\t\t\t\t<\/dd><\/dl><br style=\"clear: both\" \/><dl class='gallery-item'>\n\t\t\t<dt class='gallery-icon portrait'>\n\t\t\t\t<img loading=\"lazy\" decoding=\"async\" width=\"552\" height=\"694\" src=\"https:\/\/www.damianzimmermann.de\/blog\/wp-content\/uploads\/Seite161.jpg\" class=\"attachment-large size-large\" alt=\"\" aria-describedby=\"gallery-1-10676\" srcset=\"https:\/\/www.damianzimmermann.de\/blog\/wp-content\/uploads\/Seite161.jpg 552w, https:\/\/www.damianzimmermann.de\/blog\/wp-content\/uploads\/Seite161-119x150.jpg 119w, https:\/\/www.damianzimmermann.de\/blog\/wp-content\/uploads\/Seite161-318x400.jpg 318w\" sizes=\"auto, (max-width: 552px) 100vw, 552px\" \/>\n\t\t\t<\/dt>\n\t\t\t\t<dd class='wp-caption-text gallery-caption' id='gallery-1-10676'>\n\t\t\t\taus dem Buch &#8222;Gestalten mit Licht und Schatten&#8220; von Oliver Rausch\n\t\t\t\t<\/dd><\/dl><br style=\"clear: both\" \/><dl class='gallery-item'>\n\t\t\t<dt class='gallery-icon portrait'>\n\t\t\t\t<img loading=\"lazy\" decoding=\"async\" width=\"550\" height=\"691\" src=\"https:\/\/www.damianzimmermann.de\/blog\/wp-content\/uploads\/Seite34.jpg\" class=\"attachment-large size-large\" alt=\"\" aria-describedby=\"gallery-1-10673\" srcset=\"https:\/\/www.damianzimmermann.de\/blog\/wp-content\/uploads\/Seite34.jpg 550w, https:\/\/www.damianzimmermann.de\/blog\/wp-content\/uploads\/Seite34-119x150.jpg 119w, https:\/\/www.damianzimmermann.de\/blog\/wp-content\/uploads\/Seite34-318x400.jpg 318w\" sizes=\"auto, (max-width: 550px) 100vw, 550px\" \/>\n\t\t\t<\/dt>\n\t\t\t\t<dd class='wp-caption-text gallery-caption' id='gallery-1-10673'>\n\t\t\t\taus dem Buch &#8222;Gestalten mit Licht und Schatten&#8220; von Oliver Rausch\n\t\t\t\t<\/dd><\/dl><br style=\"clear: both\" \/><dl class='gallery-item'>\n\t\t\t<dt class='gallery-icon portrait'>\n\t\t\t\t<img loading=\"lazy\" decoding=\"async\" width=\"550\" height=\"693\" src=\"https:\/\/www.damianzimmermann.de\/blog\/wp-content\/uploads\/Seite35.jpg\" class=\"attachment-large size-large\" alt=\"\" aria-describedby=\"gallery-1-10674\" srcset=\"https:\/\/www.damianzimmermann.de\/blog\/wp-content\/uploads\/Seite35.jpg 550w, https:\/\/www.damianzimmermann.de\/blog\/wp-content\/uploads\/Seite35-119x150.jpg 119w, https:\/\/www.damianzimmermann.de\/blog\/wp-content\/uploads\/Seite35-317x399.jpg 317w\" sizes=\"auto, (max-width: 550px) 100vw, 550px\" \/>\n\t\t\t<\/dt>\n\t\t\t\t<dd class='wp-caption-text gallery-caption' id='gallery-1-10674'>\n\t\t\t\taus dem Buch &#8222;Gestalten mit Licht und Schatten&#8220; von Oliver Rausch\n\t\t\t\t<\/dd><\/dl><br style=\"clear: both\" \/>\n\t\t<\/div>\n\n","protected":false},"excerpt":{"rendered":"<p>An dieser Stelle m\u00f6chte ich das vor wenigen Wochen erschienene Lehrbuch &#8222;Gestalten mit Licht und Schatten &#8211; Vom Portr\u00e4t bis zur Landschaft&#8220; von Oliver Rausch vorstellen. Rausch hat&#8230;<\/p>\n","protected":false},"author":1,"featured_media":10671,"comment_status":"closed","ping_status":"open","sticky":false,"template":"","format":"standard","meta":{"footnotes":""},"categories":[1,7],"tags":[949,790,947,948],"class_list":["post-10666","post","type-post","status-publish","format-standard","has-post-thumbnail","hentry","category-allgemein","category-fotobuecher","tag-edgar-wallace","tag-michael-schmidt","tag-oliver-rausch","tag-stanley-kubrick"],"_links":{"self":[{"href":"https:\/\/www.damianzimmermann.de\/blog\/wp-json\/wp\/v2\/posts\/10666","targetHints":{"allow":["GET"]}}],"collection":[{"href":"https:\/\/www.damianzimmermann.de\/blog\/wp-json\/wp\/v2\/posts"}],"about":[{"href":"https:\/\/www.damianzimmermann.de\/blog\/wp-json\/wp\/v2\/types\/post"}],"author":[{"embeddable":true,"href":"https:\/\/www.damianzimmermann.de\/blog\/wp-json\/wp\/v2\/users\/1"}],"replies":[{"embeddable":true,"href":"https:\/\/www.damianzimmermann.de\/blog\/wp-json\/wp\/v2\/comments?post=10666"}],"version-history":[{"count":65,"href":"https:\/\/www.damianzimmermann.de\/blog\/wp-json\/wp\/v2\/posts\/10666\/revisions"}],"predecessor-version":[{"id":20371,"href":"https:\/\/www.damianzimmermann.de\/blog\/wp-json\/wp\/v2\/posts\/10666\/revisions\/20371"}],"wp:featuredmedia":[{"embeddable":true,"href":"https:\/\/www.damianzimmermann.de\/blog\/wp-json\/wp\/v2\/media\/10671"}],"wp:attachment":[{"href":"https:\/\/www.damianzimmermann.de\/blog\/wp-json\/wp\/v2\/media?parent=10666"}],"wp:term":[{"taxonomy":"category","embeddable":true,"href":"https:\/\/www.damianzimmermann.de\/blog\/wp-json\/wp\/v2\/categories?post=10666"},{"taxonomy":"post_tag","embeddable":true,"href":"https:\/\/www.damianzimmermann.de\/blog\/wp-json\/wp\/v2\/tags?post=10666"}],"curies":[{"name":"wp","href":"https:\/\/api.w.org\/{rel}","templated":true}]}}