{"id":10624,"date":"2012-12-10T12:50:58","date_gmt":"2012-12-10T11:50:58","guid":{"rendered":"http:\/\/www.damianzimmermann.de\/blog\/?p=10624"},"modified":"2019-03-25T15:48:05","modified_gmt":"2019-03-25T14:48:05","slug":"shomei-tomatsu-in-der-galerie-priska-pasquer","status":"publish","type":"post","link":"https:\/\/www.damianzimmermann.de\/blog\/shomei-tomatsu-in-der-galerie-priska-pasquer\/","title":{"rendered":"Sh\u00f4mei T\u00f4matsu in der Galerie Priska Pasquer"},"content":{"rendered":"<p>Sein Foto von der Glasflasche, die von der Atombombe in Nagasaki bis zur Unkenntlichkeit deformiert wurde, geh\u00f6rt zu den Ikonen der japanischen Fotografie, die Provoke-Bewegung w\u00e4re ohne ihn nicht denkbar gewesen und f\u00fcr <strong>Daid\u014d Moriyama<\/strong> ist er schlicht &#8222;the Godfather&#8220;:<strong> Sh\u00f4mei T\u00f4matsu<\/strong>.<\/p>\n<p>Die <strong>Galerie Priska Pasquer<\/strong> zeigt nun in einer Einzelausstellung Arbeiten aus Serien wie &#8222;Protest&#8220;, &#8222;Eros, Tokyo&#8220; und &#8222;Chewing Gum and Chocolate&#8220;. Vor allem aber sind auch seine Farbfotografien aus den 1960er und 70er Jahren zu sehen &#8211; die wurden bislang noch nie in einer Galerieausstellung au\u00dferhalb Japans gezeigt.<\/p>\n<p>Wer mehr erfahren will, kann sich meine\u00a0<a href=\"https:\/\/www.damianzimmermann.de\/blog\/wp-content\/uploads\/234-Tomatsu.pdf\" target=\"_blank\" rel=\"noopener noreferrer\">Besprechung<\/a> aus dem heutigen Ksta durchlesen.<\/p>\n<p>Link: <a href=\"http:\/\/www.priskapasquer.de\/ausstellungen\/shomei_tomatsu_ii\/\" target=\"_blank\" rel=\"noopener noreferrer\">Priska Pasquer<\/a><\/p>\n\n\t\t<style type=\"text\/css\">\n\t\t\t#gallery-1 {\n\t\t\t\tmargin: auto;\n\t\t\t}\n\t\t\t#gallery-1 .gallery-item {\n\t\t\t\tfloat: left;\n\t\t\t\tmargin-top: 10px;\n\t\t\t\ttext-align: center;\n\t\t\t\twidth: 100%;\n\t\t\t}\n\t\t\t#gallery-1 img {\n\t\t\t\tborder: 2px solid #cfcfcf;\n\t\t\t}\n\t\t\t#gallery-1 .gallery-caption {\n\t\t\t\tmargin-left: 0;\n\t\t\t}\n\t\t\t\/* see gallery_shortcode() in wp-includes\/media.php *\/\n\t\t<\/style>\n\t\t<div id='gallery-1' class='gallery galleryid-10624 gallery-columns-1 gallery-size-large'><dl class='gallery-item'>\n\t\t\t<dt class='gallery-icon portrait'>\n\t\t\t\t<a href='https:\/\/www.damianzimmermann.de\/blog\/die-altmeister-hosoe-und-tomatsu-in-koln\/tomatsu-03083-90\/'><img loading=\"lazy\" decoding=\"async\" width=\"461\" height=\"502\" src=\"https:\/\/www.damianzimmermann.de\/blog\/wp-content\/uploads\/TOMATSU-03083-90.jpg\" class=\"attachment-large size-large\" alt=\"\" aria-describedby=\"gallery-1-1866\" srcset=\"https:\/\/www.damianzimmermann.de\/blog\/wp-content\/uploads\/TOMATSU-03083-90.jpg 461w, https:\/\/www.damianzimmermann.de\/blog\/wp-content\/uploads\/TOMATSU-03083-90-137x150.jpg 137w, https:\/\/www.damianzimmermann.de\/blog\/wp-content\/uploads\/TOMATSU-03083-90-367x400.jpg 367w\" sizes=\"auto, (max-width: 461px) 100vw, 461px\" \/><\/a>\n\t\t\t<\/dt>\n\t\t\t\t<dd class='wp-caption-text gallery-caption' id='gallery-1-1866'>\n\t\t\t\tSh\u00f4mei T\u00f4matsu, Flaschen, geschmolzen und verformt durch die Hitze der Atombombe, Radioaktivit\u00e4t und Feuer, Nagasaki,  1961, printed 1974,  \u00a9 Sh\u00f4mei T\u00f4matsu \/ Courtesy Galerie Priska Pasquer, K\u00f6ln\n\t\t\t\t<\/dd><\/dl><br style=\"clear: both\" \/><dl class='gallery-item'>\n\t\t\t<dt class='gallery-icon landscape'>\n\t\t\t\t<a href='https:\/\/www.damianzimmermann.de\/blog\/zum-tod-von-shomei-tomatsu\/tomatsu-03087\/'><img loading=\"lazy\" decoding=\"async\" width=\"620\" height=\"431\" src=\"https:\/\/www.damianzimmermann.de\/blog\/wp-content\/uploads\/TOMATSU-03087.jpg\" class=\"attachment-large size-large\" alt=\"\" aria-describedby=\"gallery-1-10873\" srcset=\"https:\/\/www.damianzimmermann.de\/blog\/wp-content\/uploads\/TOMATSU-03087.jpg 900w, https:\/\/www.damianzimmermann.de\/blog\/wp-content\/uploads\/TOMATSU-03087-200x139.jpg 200w, https:\/\/www.damianzimmermann.de\/blog\/wp-content\/uploads\/TOMATSU-03087-400x278.jpg 400w\" sizes=\"auto, (max-width: 620px) 100vw, 620px\" \/><\/a>\n\t\t\t<\/dt>\n\t\t\t\t<dd class='wp-caption-text gallery-caption' id='gallery-1-10873'>\n\t\t\t\tSh\u00f4mei T\u00f4matsu, o. T. (Hateruma-jima, Okinawa), aus der Serie &#8222;The Pencil of the Sun&#8220;, 1971, \u00a9 Sh\u00f4mei T\u00f4matsu \/ Courtesy Galerie Priska Pasquer, K\u00f6ln\n\t\t\t\t<\/dd><\/dl><br style=\"clear: both\" \/><dl class='gallery-item'>\n\t\t\t<dt class='gallery-icon landscape'>\n\t\t\t\t<a href='https:\/\/www.damianzimmermann.de\/blog\/shomei-tomatsu-in-der-galerie-priska-pasquer\/tomatsu-07134\/'><img loading=\"lazy\" decoding=\"async\" width=\"620\" height=\"435\" src=\"https:\/\/www.damianzimmermann.de\/blog\/wp-content\/uploads\/TOMATSU-07134.jpg\" class=\"attachment-large size-large\" alt=\"\" aria-describedby=\"gallery-1-10635\" srcset=\"https:\/\/www.damianzimmermann.de\/blog\/wp-content\/uploads\/TOMATSU-07134.jpg 900w, https:\/\/www.damianzimmermann.de\/blog\/wp-content\/uploads\/TOMATSU-07134-200x140.jpg 200w, https:\/\/www.damianzimmermann.de\/blog\/wp-content\/uploads\/TOMATSU-07134-400x280.jpg 400w\" sizes=\"auto, (max-width: 620px) 100vw, 620px\" \/><\/a>\n\t\t\t<\/dt>\n\t\t\t\t<dd class='wp-caption-text gallery-caption' id='gallery-1-10635'>\n\t\t\t\tCoca-cola, Tokyo, 1969 \u00a9 Sh\u00f4mei T\u00f4matsu \/ Courtesy Galerie Priska Pasquer, K\u00f6ln\n\t\t\t\t<\/dd><\/dl><br style=\"clear: both\" \/><dl class='gallery-item'>\n\t\t\t<dt class='gallery-icon landscape'>\n\t\t\t\t<a href='https:\/\/www.damianzimmermann.de\/blog\/shomei-tomatsu-in-der-galerie-priska-pasquer\/tomatsu-07133\/'><img loading=\"lazy\" decoding=\"async\" width=\"620\" height=\"461\" src=\"https:\/\/www.damianzimmermann.de\/blog\/wp-content\/uploads\/TOMATSU-07133.jpg\" class=\"attachment-large size-large\" alt=\"\" aria-describedby=\"gallery-1-10634\" srcset=\"https:\/\/www.damianzimmermann.de\/blog\/wp-content\/uploads\/TOMATSU-07133.jpg 900w, https:\/\/www.damianzimmermann.de\/blog\/wp-content\/uploads\/TOMATSU-07133-200x148.jpg 200w, https:\/\/www.damianzimmermann.de\/blog\/wp-content\/uploads\/TOMATSU-07133-400x297.jpg 400w\" sizes=\"auto, (max-width: 620px) 100vw, 620px\" \/><\/a>\n\t\t\t<\/dt>\n\t\t\t\t<dd class='wp-caption-text gallery-caption' id='gallery-1-10634'>\n\t\t\t\tUntitled, from the series &#8218;Protest, Tokyo&#8216;, 1969 \u00a9 Sh\u00f4mei T\u00f4matsu \/ Courtesy Galerie Priska Pasquer, K\u00f6ln\n\t\t\t\t<\/dd><\/dl><br style=\"clear: both\" \/><dl class='gallery-item'>\n\t\t\t<dt class='gallery-icon portrait'>\n\t\t\t\t<a href='https:\/\/www.damianzimmermann.de\/blog\/shomei-tomatsu-in-der-galerie-priska-pasquer\/tomatsu-07140\/'><img loading=\"lazy\" decoding=\"async\" width=\"620\" height=\"651\" src=\"https:\/\/www.damianzimmermann.de\/blog\/wp-content\/uploads\/TOMATSU-07140.jpg\" class=\"attachment-large size-large\" alt=\"\" aria-describedby=\"gallery-1-10637\" srcset=\"https:\/\/www.damianzimmermann.de\/blog\/wp-content\/uploads\/TOMATSU-07140.jpg 857w, https:\/\/www.damianzimmermann.de\/blog\/wp-content\/uploads\/TOMATSU-07140-142x150.jpg 142w, https:\/\/www.damianzimmermann.de\/blog\/wp-content\/uploads\/TOMATSU-07140-380x400.jpg 380w\" sizes=\"auto, (max-width: 620px) 100vw, 620px\" \/><\/a>\n\t\t\t<\/dt>\n\t\t\t\t<dd class='wp-caption-text gallery-caption' id='gallery-1-10637'>\n\t\t\t\tUntitled (Naha, Okinawa), from the series &#8218;The Pencil of the Sun&#8216;, 1973 \u00a9 Sh\u00f4mei T\u00f4matsu \/ Courtesy Galerie Priska Pasquer, K\u00f6ln\n\t\t\t\t<\/dd><\/dl><br style=\"clear: both\" \/><dl class='gallery-item'>\n\t\t\t<dt class='gallery-icon landscape'>\n\t\t\t\t<a href='https:\/\/www.damianzimmermann.de\/blog\/shomei-tomatsu-in-der-galerie-priska-pasquer\/tomatsu-07136\/'><img loading=\"lazy\" decoding=\"async\" width=\"620\" height=\"410\" src=\"https:\/\/www.damianzimmermann.de\/blog\/wp-content\/uploads\/TOMATSU-07136.jpg\" class=\"attachment-large size-large\" alt=\"\" aria-describedby=\"gallery-1-10636\" srcset=\"https:\/\/www.damianzimmermann.de\/blog\/wp-content\/uploads\/TOMATSU-07136.jpg 900w, https:\/\/www.damianzimmermann.de\/blog\/wp-content\/uploads\/TOMATSU-07136-200x132.jpg 200w, https:\/\/www.damianzimmermann.de\/blog\/wp-content\/uploads\/TOMATSU-07136-400x264.jpg 400w\" sizes=\"auto, (max-width: 620px) 100vw, 620px\" \/><\/a>\n\t\t\t<\/dt>\n\t\t\t\t<dd class='wp-caption-text gallery-caption' id='gallery-1-10636'>\n\t\t\t\tJapan World Exposition, 1969 \u00a9 Sh\u00f4mei T\u00f4matsu \/ Courtesy Galerie Priska Pasquer, K\u00f6ln\n\t\t\t\t<\/dd><\/dl><br style=\"clear: both\" \/>\n\t\t<\/div>\n\n","protected":false},"excerpt":{"rendered":"<p>Sein Foto von der Glasflasche, die von der Atombombe in Nagasaki bis zur Unkenntlichkeit deformiert wurde, geh\u00f6rt zu den Ikonen der japanischen Fotografie, die Provoke-Bewegung w\u00e4re ohne ihn&#8230;<\/p>\n","protected":false},"author":1,"featured_media":10872,"comment_status":"closed","ping_status":"open","sticky":false,"template":"","format":"standard","meta":{"footnotes":""},"categories":[6],"tags":[700,276],"class_list":["post-10624","post","type-post","status-publish","format-standard","has-post-thumbnail","hentry","category-ausstellungen","tag-daido-moriyama","tag-shomei-tomatsu"],"_links":{"self":[{"href":"https:\/\/www.damianzimmermann.de\/blog\/wp-json\/wp\/v2\/posts\/10624","targetHints":{"allow":["GET"]}}],"collection":[{"href":"https:\/\/www.damianzimmermann.de\/blog\/wp-json\/wp\/v2\/posts"}],"about":[{"href":"https:\/\/www.damianzimmermann.de\/blog\/wp-json\/wp\/v2\/types\/post"}],"author":[{"embeddable":true,"href":"https:\/\/www.damianzimmermann.de\/blog\/wp-json\/wp\/v2\/users\/1"}],"replies":[{"embeddable":true,"href":"https:\/\/www.damianzimmermann.de\/blog\/wp-json\/wp\/v2\/comments?post=10624"}],"version-history":[{"count":35,"href":"https:\/\/www.damianzimmermann.de\/blog\/wp-json\/wp\/v2\/posts\/10624\/revisions"}],"predecessor-version":[{"id":20374,"href":"https:\/\/www.damianzimmermann.de\/blog\/wp-json\/wp\/v2\/posts\/10624\/revisions\/20374"}],"wp:featuredmedia":[{"embeddable":true,"href":"https:\/\/www.damianzimmermann.de\/blog\/wp-json\/wp\/v2\/media\/10872"}],"wp:attachment":[{"href":"https:\/\/www.damianzimmermann.de\/blog\/wp-json\/wp\/v2\/media?parent=10624"}],"wp:term":[{"taxonomy":"category","embeddable":true,"href":"https:\/\/www.damianzimmermann.de\/blog\/wp-json\/wp\/v2\/categories?post=10624"},{"taxonomy":"post_tag","embeddable":true,"href":"https:\/\/www.damianzimmermann.de\/blog\/wp-json\/wp\/v2\/tags?post=10624"}],"curies":[{"name":"wp","href":"https:\/\/api.w.org\/{rel}","templated":true}]}}