{"id":10577,"date":"2012-12-04T22:22:36","date_gmt":"2012-12-04T21:22:36","guid":{"rendered":"http:\/\/www.damianzimmermann.de\/blog\/?p=10577"},"modified":"2019-03-25T15:48:51","modified_gmt":"2019-03-25T14:48:51","slug":"berlin-fruchtstrase-am-27-marz-1952","status":"publish","type":"post","link":"https:\/\/www.damianzimmermann.de\/blog\/berlin-fruchtstrase-am-27-marz-1952\/","title":{"rendered":"&#8222;Berlin, Fruchtstra\u00dfe am 27. M\u00e4rz 1952&#8220;"},"content":{"rendered":"<p>Was f\u00fcr ein Projekt! Am 27. M\u00e4rz 1952 ist der Vermessungstechniker und Photogrammeter <strong>Fritz Tiedemann<\/strong> durch die Berliner Fruchtstra\u00dfe gegangen, hat alle zw\u00f6lf bis 15 Meter sein Stativ mit der Kamera aufgestellt und hat insgesamt 32 Fotografien der H\u00e4user angefertigt. Vor einigen Jahren entdeckte dann der Stadtfotograf <strong>Arwed Messmer<\/strong> die Aufnahmen in der Architektursammlung der Berlinischen Galerie \u2013 und pl\u00f6tzlich wurde aus den Fotografien zu blo\u00dfen Dokumentationszwecken ein St\u00fcck visualisierte Zeitgeschichte, die den gro\u00dfen Stra\u00dfenportr\u00e4ts von <strong>Ed Ruscha<\/strong> und <strong>Georg Aerni<\/strong> in nicht nachstehen.<\/p>\n<p>Meine ausf\u00fchrliche Besprechung zu dem nun vorliegenden Buch &#8222;Berlin, Fruchtstra\u00dfe am 27. M\u00e4rz 1952&#8220; ist in der aktuellen Photonews erschienen. Das PDF dazu gibt es <a href=\"https:\/\/www.damianzimmermann.de\/blog\/wp-content\/uploads\/Photonews_12-12-1-13_Seite_27_Fruchtstrasse.pdf\" target=\"_blank\" rel=\"noopener noreferrer\">hier<\/a>.<\/p>\n<p>Link: <a href=\"http:\/\/www.hatjecantz.de\/controller.php?cmd=detail&amp;titzif=00003472\" target=\"_blank\" rel=\"noopener noreferrer\">Hatje Cantz<\/a><\/p>\n\n\t\t<style type=\"text\/css\">\n\t\t\t#gallery-1 {\n\t\t\t\tmargin: auto;\n\t\t\t}\n\t\t\t#gallery-1 .gallery-item {\n\t\t\t\tfloat: left;\n\t\t\t\tmargin-top: 10px;\n\t\t\t\ttext-align: center;\n\t\t\t\twidth: 100%;\n\t\t\t}\n\t\t\t#gallery-1 img {\n\t\t\t\tborder: 2px solid #cfcfcf;\n\t\t\t}\n\t\t\t#gallery-1 .gallery-caption {\n\t\t\t\tmargin-left: 0;\n\t\t\t}\n\t\t\t\/* see gallery_shortcode() in wp-includes\/media.php *\/\n\t\t<\/style>\n\t\t<div id='gallery-1' class='gallery galleryid-10577 gallery-columns-1 gallery-size-large'><dl class='gallery-item'>\n\t\t\t<dt class='gallery-icon landscape'>\n\t\t\t\t<img loading=\"lazy\" decoding=\"async\" width=\"620\" height=\"504\" src=\"https:\/\/www.damianzimmermann.de\/blog\/wp-content\/uploads\/Cover5.jpg\" class=\"attachment-large size-large\" alt=\"\" srcset=\"https:\/\/www.damianzimmermann.de\/blog\/wp-content\/uploads\/Cover5.jpg 900w, https:\/\/www.damianzimmermann.de\/blog\/wp-content\/uploads\/Cover5-184x150.jpg 184w, https:\/\/www.damianzimmermann.de\/blog\/wp-content\/uploads\/Cover5-400x325.jpg 400w\" sizes=\"auto, (max-width: 620px) 100vw, 620px\" \/>\n\t\t\t<\/dt><\/dl><br style=\"clear: both\" \/><dl class='gallery-item'>\n\t\t\t<dt class='gallery-icon landscape'>\n\t\t\t\t<img loading=\"lazy\" decoding=\"async\" width=\"620\" height=\"549\" src=\"https:\/\/www.damianzimmermann.de\/blog\/wp-content\/uploads\/Fruchtstr_5_2.jpg\" class=\"attachment-large size-large\" alt=\"\" srcset=\"https:\/\/www.damianzimmermann.de\/blog\/wp-content\/uploads\/Fruchtstr_5_2.jpg 900w, https:\/\/www.damianzimmermann.de\/blog\/wp-content\/uploads\/Fruchtstr_5_2-169x150.jpg 169w, https:\/\/www.damianzimmermann.de\/blog\/wp-content\/uploads\/Fruchtstr_5_2-400x354.jpg 400w\" sizes=\"auto, (max-width: 620px) 100vw, 620px\" \/>\n\t\t\t<\/dt><\/dl><br style=\"clear: both\" \/><dl class='gallery-item'>\n\t\t\t<dt class='gallery-icon landscape'>\n\t\t\t\t<img loading=\"lazy\" decoding=\"async\" width=\"620\" height=\"549\" src=\"https:\/\/www.damianzimmermann.de\/blog\/wp-content\/uploads\/Fruchtstr_4_4.jpg\" class=\"attachment-large size-large\" alt=\"\" srcset=\"https:\/\/www.damianzimmermann.de\/blog\/wp-content\/uploads\/Fruchtstr_4_4.jpg 900w, https:\/\/www.damianzimmermann.de\/blog\/wp-content\/uploads\/Fruchtstr_4_4-169x150.jpg 169w, https:\/\/www.damianzimmermann.de\/blog\/wp-content\/uploads\/Fruchtstr_4_4-400x354.jpg 400w\" sizes=\"auto, (max-width: 620px) 100vw, 620px\" \/>\n\t\t\t<\/dt><\/dl><br style=\"clear: both\" \/><dl class='gallery-item'>\n\t\t\t<dt class='gallery-icon landscape'>\n\t\t\t\t<img loading=\"lazy\" decoding=\"async\" width=\"620\" height=\"549\" src=\"https:\/\/www.damianzimmermann.de\/blog\/wp-content\/uploads\/Fruchtstr_3_4.jpg\" class=\"attachment-large size-large\" alt=\"\" srcset=\"https:\/\/www.damianzimmermann.de\/blog\/wp-content\/uploads\/Fruchtstr_3_4.jpg 900w, https:\/\/www.damianzimmermann.de\/blog\/wp-content\/uploads\/Fruchtstr_3_4-169x150.jpg 169w, https:\/\/www.damianzimmermann.de\/blog\/wp-content\/uploads\/Fruchtstr_3_4-400x354.jpg 400w\" sizes=\"auto, (max-width: 620px) 100vw, 620px\" \/>\n\t\t\t<\/dt><\/dl><br style=\"clear: both\" \/><dl class='gallery-item'>\n\t\t\t<dt class='gallery-icon landscape'>\n\t\t\t\t<img loading=\"lazy\" decoding=\"async\" width=\"620\" height=\"549\" src=\"https:\/\/www.damianzimmermann.de\/blog\/wp-content\/uploads\/Fruchtstr_2_4.jpg\" class=\"attachment-large size-large\" alt=\"\" srcset=\"https:\/\/www.damianzimmermann.de\/blog\/wp-content\/uploads\/Fruchtstr_2_4.jpg 900w, https:\/\/www.damianzimmermann.de\/blog\/wp-content\/uploads\/Fruchtstr_2_4-169x150.jpg 169w, https:\/\/www.damianzimmermann.de\/blog\/wp-content\/uploads\/Fruchtstr_2_4-400x354.jpg 400w\" sizes=\"auto, (max-width: 620px) 100vw, 620px\" \/>\n\t\t\t<\/dt><\/dl><br style=\"clear: both\" \/><dl class='gallery-item'>\n\t\t\t<dt class='gallery-icon landscape'>\n\t\t\t\t<img loading=\"lazy\" decoding=\"async\" width=\"620\" height=\"549\" src=\"https:\/\/www.damianzimmermann.de\/blog\/wp-content\/uploads\/Fruchtstr_1_3.jpg\" class=\"attachment-large size-large\" alt=\"\" srcset=\"https:\/\/www.damianzimmermann.de\/blog\/wp-content\/uploads\/Fruchtstr_1_3.jpg 900w, https:\/\/www.damianzimmermann.de\/blog\/wp-content\/uploads\/Fruchtstr_1_3-169x150.jpg 169w, https:\/\/www.damianzimmermann.de\/blog\/wp-content\/uploads\/Fruchtstr_1_3-400x354.jpg 400w\" sizes=\"auto, (max-width: 620px) 100vw, 620px\" \/>\n\t\t\t<\/dt><\/dl><br style=\"clear: both\" \/><dl class='gallery-item'>\n\t\t\t<dt class='gallery-icon landscape'>\n\t\t\t\t<img loading=\"lazy\" decoding=\"async\" width=\"620\" height=\"252\" src=\"https:\/\/www.damianzimmermann.de\/blog\/wp-content\/uploads\/Fruchtstr.5-1024x416.jpg\" class=\"attachment-large size-large\" alt=\"\" srcset=\"https:\/\/www.damianzimmermann.de\/blog\/wp-content\/uploads\/Fruchtstr.5-1024x416.jpg 1024w, https:\/\/www.damianzimmermann.de\/blog\/wp-content\/uploads\/Fruchtstr.5-200x81.jpg 200w, https:\/\/www.damianzimmermann.de\/blog\/wp-content\/uploads\/Fruchtstr.5-400x162.jpg 400w, https:\/\/www.damianzimmermann.de\/blog\/wp-content\/uploads\/Fruchtstr.5.jpg 1200w\" sizes=\"auto, (max-width: 620px) 100vw, 620px\" \/>\n\t\t\t<\/dt><\/dl><br style=\"clear: both\" \/><dl class='gallery-item'>\n\t\t\t<dt class='gallery-icon landscape'>\n\t\t\t\t<img loading=\"lazy\" decoding=\"async\" width=\"620\" height=\"176\" src=\"https:\/\/www.damianzimmermann.de\/blog\/wp-content\/uploads\/Fruchtstr_4-1024x290.jpg\" class=\"attachment-large size-large\" alt=\"\" srcset=\"https:\/\/www.damianzimmermann.de\/blog\/wp-content\/uploads\/Fruchtstr_4-1024x290.jpg 1024w, https:\/\/www.damianzimmermann.de\/blog\/wp-content\/uploads\/Fruchtstr_4-200x56.jpg 200w, https:\/\/www.damianzimmermann.de\/blog\/wp-content\/uploads\/Fruchtstr_4-400x113.jpg 400w, https:\/\/www.damianzimmermann.de\/blog\/wp-content\/uploads\/Fruchtstr_4.jpg 1200w\" sizes=\"auto, (max-width: 620px) 100vw, 620px\" \/>\n\t\t\t<\/dt><\/dl><br style=\"clear: both\" \/>\n\t\t<\/div>\n\n","protected":false},"excerpt":{"rendered":"<p>Was f\u00fcr ein Projekt! Am 27. M\u00e4rz 1952 ist der Vermessungstechniker und Photogrammeter Fritz Tiedemann durch die Berliner Fruchtstra\u00dfe gegangen, hat alle zw\u00f6lf bis 15 Meter sein Stativ&#8230;<\/p>\n","protected":false},"author":1,"featured_media":10580,"comment_status":"closed","ping_status":"open","sticky":false,"template":"","format":"standard","meta":{"footnotes":""},"categories":[7],"tags":[946,46,945,643],"class_list":["post-10577","post","type-post","status-publish","format-standard","has-post-thumbnail","hentry","category-fotobuecher","tag-arwed-messmer","tag-ed-ruscha","tag-fritz-tiedemann","tag-georg-aerni"],"_links":{"self":[{"href":"https:\/\/www.damianzimmermann.de\/blog\/wp-json\/wp\/v2\/posts\/10577","targetHints":{"allow":["GET"]}}],"collection":[{"href":"https:\/\/www.damianzimmermann.de\/blog\/wp-json\/wp\/v2\/posts"}],"about":[{"href":"https:\/\/www.damianzimmermann.de\/blog\/wp-json\/wp\/v2\/types\/post"}],"author":[{"embeddable":true,"href":"https:\/\/www.damianzimmermann.de\/blog\/wp-json\/wp\/v2\/users\/1"}],"replies":[{"embeddable":true,"href":"https:\/\/www.damianzimmermann.de\/blog\/wp-json\/wp\/v2\/comments?post=10577"}],"version-history":[{"count":39,"href":"https:\/\/www.damianzimmermann.de\/blog\/wp-json\/wp\/v2\/posts\/10577\/revisions"}],"predecessor-version":[{"id":20375,"href":"https:\/\/www.damianzimmermann.de\/blog\/wp-json\/wp\/v2\/posts\/10577\/revisions\/20375"}],"wp:featuredmedia":[{"embeddable":true,"href":"https:\/\/www.damianzimmermann.de\/blog\/wp-json\/wp\/v2\/media\/10580"}],"wp:attachment":[{"href":"https:\/\/www.damianzimmermann.de\/blog\/wp-json\/wp\/v2\/media?parent=10577"}],"wp:term":[{"taxonomy":"category","embeddable":true,"href":"https:\/\/www.damianzimmermann.de\/blog\/wp-json\/wp\/v2\/categories?post=10577"},{"taxonomy":"post_tag","embeddable":true,"href":"https:\/\/www.damianzimmermann.de\/blog\/wp-json\/wp\/v2\/tags?post=10577"}],"curies":[{"name":"wp","href":"https:\/\/api.w.org\/{rel}","templated":true}]}}