{"id":10276,"date":"2012-11-08T16:16:06","date_gmt":"2012-11-08T15:16:06","guid":{"rendered":"http:\/\/www.damianzimmermann.de\/blog\/?p=10276"},"modified":"2019-03-25T19:47:44","modified_gmt":"2019-03-25T18:47:44","slug":"die-dokumentarfilmreihe-photo-auf-arte","status":"publish","type":"post","link":"https:\/\/www.damianzimmermann.de\/blog\/die-dokumentarfilmreihe-photo-auf-arte\/","title":{"rendered":"Die Dokumentarfilmreihe &#8222;Photo&#8220; auf Arte"},"content":{"rendered":"<p>An dieser Stelle mal einen Fernseh-Tipp von mir: <strong>Arte <\/strong>zeigt unter dem Titel &#8222;Photo&#8220; eine insgesamt zw\u00f6lfteilige Serie zur Geschichte der Fotografie. Jede Folge dauert 25 Minuten und befasst sich mit einem bestimmten Aspekt der Entwicklung der Fotokunst. Und das so anschaulich und zugleich unterhaltend auf einem hohen Niveau, dass die Serie f\u00fcr den interessierten Laien genauso zu empfehlen ist wie f\u00fcr professionelle Fotografen und Kunsthistoriker.<\/p>\n<p>Eine der St\u00e4rken der Dokumentarfilmreihe von <strong>Stan Neumann <\/strong>und <strong>Alain Nahum<\/strong> liegt darin, dass sie Bilder aus der Fotografiegeschichte manipuliert, um die Auswirkungen von technischen oder gestalterischen Ver\u00e4nderungen darzustellen. Das passiert gleichzeitig so spielerisch (und manchmal auch absurd-respektlos), dass ich mich teilweise an das Intro von Monthy Python&#8217;s Flying Circus erinnert f\u00fchlte: St\u00e4ndig werden Personen und Gegenst\u00e4nde ausgeschnitten und &#8222;fliegen&#8220; durch das Bild, um an anderen Stellen wieder platziert zu werden. Gro\u00dfartig!<\/p>\n<p>Zun\u00e4chst werden immer sonntags um 12.30 Uhr f\u00fcnf Folgen ausgestrahlt &#8211; die Erste lief bereits am 4. November und besch\u00e4ftigte sich mit dem Thema &#8222;Fotografie als Kunst 1850-1860&#8220;. Am kommenden Sonntag geht es dann in &#8222;Die neue deutsche Objektivit\u00e4t&#8220; um den Einfluss von <strong>Bernd und Hilla Becher<\/strong> auf die nachfolgenden Fotografengenerationen, am 18. November steht die &#8222;Inszenierte Fotografie&#8220;, am 25. November der &#8222;Pictorialismus&#8220; und am 2. Dezember &#8222;Die experimentelle Fotografie der 20er Jahre&#8220; im Mittelpunkt. Im n\u00e4chsten Jahr sollen dann die restlichen sieben Folgen zu sehen sein. Au\u00dferdem wird es die Reihe auch in der Arte Edition auf DVD zu kaufen geben &#8211; jeweils vier Folgen kosten 14,90 Euro.<\/p>\n<p>Link: <a href=\"http:\/\/www.arte.tv\/de\/photo\/6986118.html\" target=\"_blank\" rel=\"noopener noreferrer\">Arte<\/a><\/p>\n\n\t\t<style type=\"text\/css\">\n\t\t\t#gallery-1 {\n\t\t\t\tmargin: auto;\n\t\t\t}\n\t\t\t#gallery-1 .gallery-item {\n\t\t\t\tfloat: left;\n\t\t\t\tmargin-top: 10px;\n\t\t\t\ttext-align: center;\n\t\t\t\twidth: 100%;\n\t\t\t}\n\t\t\t#gallery-1 img {\n\t\t\t\tborder: 2px solid #cfcfcf;\n\t\t\t}\n\t\t\t#gallery-1 .gallery-caption {\n\t\t\t\tmargin-left: 0;\n\t\t\t}\n\t\t\t\/* see gallery_shortcode() in wp-includes\/media.php *\/\n\t\t<\/style>\n\t\t<div id='gallery-1' class='gallery galleryid-10276 gallery-columns-1 gallery-size-large'><dl class='gallery-item'>\n\t\t\t<dt class='gallery-icon portrait'>\n\t\t\t\t<img loading=\"lazy\" decoding=\"async\" width=\"620\" height=\"778\" src=\"https:\/\/www.damianzimmermann.de\/blog\/wp-content\/uploads\/043733-000_fotografie_01.jpg\" class=\"attachment-large size-large\" alt=\"\" aria-describedby=\"gallery-1-10280\" srcset=\"https:\/\/www.damianzimmermann.de\/blog\/wp-content\/uploads\/043733-000_fotografie_01.jpg 717w, https:\/\/www.damianzimmermann.de\/blog\/wp-content\/uploads\/043733-000_fotografie_01-119x150.jpg 119w, https:\/\/www.damianzimmermann.de\/blog\/wp-content\/uploads\/043733-000_fotografie_01-318x400.jpg 318w\" sizes=\"auto, (max-width: 620px) 100vw, 620px\" \/>\n\t\t\t<\/dt>\n\t\t\t\t<dd class='wp-caption-text gallery-caption' id='gallery-1-10280'>\n\t\t\t\tF\u00e9lix Nadar: &#8222;Marie Laurent&#8220;, 1856  Bildrechte: ARTE France \/ \u00a9 Biblioth\u00e8que nationale de France\n\t\t\t\t<\/dd><\/dl><br style=\"clear: both\" \/><dl class='gallery-item'>\n\t\t\t<dt class='gallery-icon landscape'>\n\t\t\t\t<img loading=\"lazy\" decoding=\"async\" width=\"620\" height=\"423\" src=\"https:\/\/www.damianzimmermann.de\/blog\/wp-content\/uploads\/043733-000_fotografie_03.jpg\" class=\"attachment-large size-large\" alt=\"\" aria-describedby=\"gallery-1-10281\" srcset=\"https:\/\/www.damianzimmermann.de\/blog\/wp-content\/uploads\/043733-000_fotografie_03.jpg 900w, https:\/\/www.damianzimmermann.de\/blog\/wp-content\/uploads\/043733-000_fotografie_03-200x136.jpg 200w, https:\/\/www.damianzimmermann.de\/blog\/wp-content\/uploads\/043733-000_fotografie_03-400x272.jpg 400w\" sizes=\"auto, (max-width: 620px) 100vw, 620px\" \/>\n\t\t\t<\/dt>\n\t\t\t\t<dd class='wp-caption-text gallery-caption' id='gallery-1-10281'>\n\t\t\t\tHenry Peach Robinson: &#8222;Sleep&#8220;, 1867  Bildrechte: ARTE France \/ \u00a9 SSPL\/Getty Images\n\t\t\t\t<\/dd><\/dl><br style=\"clear: both\" \/><dl class='gallery-item'>\n\t\t\t<dt class='gallery-icon landscape'>\n\t\t\t\t<img loading=\"lazy\" decoding=\"async\" width=\"620\" height=\"349\" src=\"https:\/\/www.damianzimmermann.de\/blog\/wp-content\/uploads\/Screenshot-aus-Photo-1.jpg\" class=\"attachment-large size-large\" alt=\"\" aria-describedby=\"gallery-1-10284\" srcset=\"https:\/\/www.damianzimmermann.de\/blog\/wp-content\/uploads\/Screenshot-aus-Photo-1.jpg 900w, https:\/\/www.damianzimmermann.de\/blog\/wp-content\/uploads\/Screenshot-aus-Photo-1-200x112.jpg 200w, https:\/\/www.damianzimmermann.de\/blog\/wp-content\/uploads\/Screenshot-aus-Photo-1-400x224.jpg 400w\" sizes=\"auto, (max-width: 620px) 100vw, 620px\" \/>\n\t\t\t<\/dt>\n\t\t\t\t<dd class='wp-caption-text gallery-caption' id='gallery-1-10284'>\n\t\t\t\tScreenshot aus &#8222;Photo &#8211; Die neue deutsche Objektivit\u00e4t&#8220; von Stan Neumann und Alain Nahum\n\t\t\t\t<\/dd><\/dl><br style=\"clear: both\" \/><dl class='gallery-item'>\n\t\t\t<dt class='gallery-icon landscape'>\n\t\t\t\t<img loading=\"lazy\" decoding=\"async\" width=\"620\" height=\"347\" src=\"https:\/\/www.damianzimmermann.de\/blog\/wp-content\/uploads\/Screenshot-aus-Photo-3.jpg\" class=\"attachment-large size-large\" alt=\"\" aria-describedby=\"gallery-1-10285\" srcset=\"https:\/\/www.damianzimmermann.de\/blog\/wp-content\/uploads\/Screenshot-aus-Photo-3.jpg 900w, https:\/\/www.damianzimmermann.de\/blog\/wp-content\/uploads\/Screenshot-aus-Photo-3-200x111.jpg 200w, https:\/\/www.damianzimmermann.de\/blog\/wp-content\/uploads\/Screenshot-aus-Photo-3-400x223.jpg 400w\" sizes=\"auto, (max-width: 620px) 100vw, 620px\" \/>\n\t\t\t<\/dt>\n\t\t\t\t<dd class='wp-caption-text gallery-caption' id='gallery-1-10285'>\n\t\t\t\tScreenshot aus &#8222;Photo &#8211; Die neue deutsche Objektivit\u00e4t&#8220; von Stan Neumann und Alain Nahum\n\t\t\t\t<\/dd><\/dl><br style=\"clear: both\" \/><dl class='gallery-item'>\n\t\t\t<dt class='gallery-icon landscape'>\n\t\t\t\t<img loading=\"lazy\" decoding=\"async\" width=\"620\" height=\"347\" src=\"https:\/\/www.damianzimmermann.de\/blog\/wp-content\/uploads\/Screenshot-aus-Photo-6.jpg\" class=\"attachment-large size-large\" alt=\"\" aria-describedby=\"gallery-1-10287\" srcset=\"https:\/\/www.damianzimmermann.de\/blog\/wp-content\/uploads\/Screenshot-aus-Photo-6.jpg 900w, https:\/\/www.damianzimmermann.de\/blog\/wp-content\/uploads\/Screenshot-aus-Photo-6-200x111.jpg 200w, https:\/\/www.damianzimmermann.de\/blog\/wp-content\/uploads\/Screenshot-aus-Photo-6-400x223.jpg 400w\" sizes=\"auto, (max-width: 620px) 100vw, 620px\" \/>\n\t\t\t<\/dt>\n\t\t\t\t<dd class='wp-caption-text gallery-caption' id='gallery-1-10287'>\n\t\t\t\tScreenshot aus &#8222;Photo &#8211; Die neue deutsche Objektivit\u00e4t&#8220; von Stan Neumann und Alain Nahum\n\t\t\t\t<\/dd><\/dl><br style=\"clear: both\" \/><dl class='gallery-item'>\n\t\t\t<dt class='gallery-icon landscape'>\n\t\t\t\t<img loading=\"lazy\" decoding=\"async\" width=\"620\" height=\"347\" src=\"https:\/\/www.damianzimmermann.de\/blog\/wp-content\/uploads\/Screenshot-aus-Photo-5.jpg\" class=\"attachment-large size-large\" alt=\"\" aria-describedby=\"gallery-1-10286\" srcset=\"https:\/\/www.damianzimmermann.de\/blog\/wp-content\/uploads\/Screenshot-aus-Photo-5.jpg 900w, https:\/\/www.damianzimmermann.de\/blog\/wp-content\/uploads\/Screenshot-aus-Photo-5-200x111.jpg 200w, https:\/\/www.damianzimmermann.de\/blog\/wp-content\/uploads\/Screenshot-aus-Photo-5-400x223.jpg 400w\" sizes=\"auto, (max-width: 620px) 100vw, 620px\" \/>\n\t\t\t<\/dt>\n\t\t\t\t<dd class='wp-caption-text gallery-caption' id='gallery-1-10286'>\n\t\t\t\tScreenshot aus &#8222;Photo &#8211; Die neue deutsche Objektivit\u00e4t&#8220; von Stan Neumann und Alain Nahum\n\t\t\t\t<\/dd><\/dl><br style=\"clear: both\" \/><dl class='gallery-item'>\n\t\t\t<dt class='gallery-icon landscape'>\n\t\t\t\t<img loading=\"lazy\" decoding=\"async\" width=\"620\" height=\"432\" src=\"https:\/\/www.damianzimmermann.de\/blog\/wp-content\/uploads\/044599-000_fotographie_03.jpg\" class=\"attachment-large size-large\" alt=\"\" aria-describedby=\"gallery-1-10283\" srcset=\"https:\/\/www.damianzimmermann.de\/blog\/wp-content\/uploads\/044599-000_fotographie_03.jpg 900w, https:\/\/www.damianzimmermann.de\/blog\/wp-content\/uploads\/044599-000_fotographie_03-200x139.jpg 200w, https:\/\/www.damianzimmermann.de\/blog\/wp-content\/uploads\/044599-000_fotographie_03-400x278.jpg 400w\" sizes=\"auto, (max-width: 620px) 100vw, 620px\" \/>\n\t\t\t<\/dt>\n\t\t\t\t<dd class='wp-caption-text gallery-caption' id='gallery-1-10283'>\n\t\t\t\tIn seinem Bild &#8222;Picture for Women&#8220; (1979) bezieht sich der studierte Kunsthistoriker Jeff Wall auf \u00c9douard Manets: &#8222;Bar in den Folies Berg\u00e8re &#8220; von 1882.  Bildrechte: ARTE France \/ \u00a9 Jeff Wall\n\t\t\t\t<\/dd><\/dl><br style=\"clear: both\" \/><dl class='gallery-item'>\n\t\t\t<dt class='gallery-icon landscape'>\n\t\t\t\t<img loading=\"lazy\" decoding=\"async\" width=\"620\" height=\"497\" src=\"https:\/\/www.damianzimmermann.de\/blog\/wp-content\/uploads\/044599-000_fotographie_02.jpg\" class=\"attachment-large size-large\" alt=\"\" aria-describedby=\"gallery-1-10282\" srcset=\"https:\/\/www.damianzimmermann.de\/blog\/wp-content\/uploads\/044599-000_fotographie_02.jpg 900w, https:\/\/www.damianzimmermann.de\/blog\/wp-content\/uploads\/044599-000_fotographie_02-187x150.jpg 187w, https:\/\/www.damianzimmermann.de\/blog\/wp-content\/uploads\/044599-000_fotographie_02-400x320.jpg 400w\" sizes=\"auto, (max-width: 620px) 100vw, 620px\" \/>\n\t\t\t<\/dt>\n\t\t\t\t<dd class='wp-caption-text gallery-caption' id='gallery-1-10282'>\n\t\t\t\tDer US-K\u00fcnstler David Levinthal erstellte mit Hilfe von Archivmaterial Miniaturkulissen, die Hitlers Feldzug gegen die Sowjetunion zwischen 1941 und 1943 rekonstruieren. Sie dienten ihm f\u00fcr seine Fotostrecke &#8222;Hitler moves east&#8220; (1977).  Bildrechte: ARTE France \/ \u00a9 ADAGP, Paris 2011\n\t\t\t\t<\/dd><\/dl><br style=\"clear: both\" \/>\n\t\t<\/div>\n\n","protected":false},"excerpt":{"rendered":"<p>An dieser Stelle mal einen Fernseh-Tipp von mir: Arte zeigt unter dem Titel &#8222;Photo&#8220; eine insgesamt zw\u00f6lfteilige Serie zur Geschichte der Fotografie. Jede Folge dauert 25 Minuten und&#8230;<\/p>\n","protected":false},"author":1,"featured_media":10280,"comment_status":"closed","ping_status":"open","sticky":false,"template":"","format":"standard","meta":{"footnotes":""},"categories":[1],"tags":[931,929,255,930],"class_list":["post-10276","post","type-post","status-publish","format-standard","has-post-thumbnail","hentry","category-allgemein","tag-alain-nahum","tag-arte","tag-bernd-und-hilla-becher","tag-stan-neumann"],"_links":{"self":[{"href":"https:\/\/www.damianzimmermann.de\/blog\/wp-json\/wp\/v2\/posts\/10276","targetHints":{"allow":["GET"]}}],"collection":[{"href":"https:\/\/www.damianzimmermann.de\/blog\/wp-json\/wp\/v2\/posts"}],"about":[{"href":"https:\/\/www.damianzimmermann.de\/blog\/wp-json\/wp\/v2\/types\/post"}],"author":[{"embeddable":true,"href":"https:\/\/www.damianzimmermann.de\/blog\/wp-json\/wp\/v2\/users\/1"}],"replies":[{"embeddable":true,"href":"https:\/\/www.damianzimmermann.de\/blog\/wp-json\/wp\/v2\/comments?post=10276"}],"version-history":[{"count":45,"href":"https:\/\/www.damianzimmermann.de\/blog\/wp-json\/wp\/v2\/posts\/10276\/revisions"}],"predecessor-version":[{"id":20382,"href":"https:\/\/www.damianzimmermann.de\/blog\/wp-json\/wp\/v2\/posts\/10276\/revisions\/20382"}],"wp:featuredmedia":[{"embeddable":true,"href":"https:\/\/www.damianzimmermann.de\/blog\/wp-json\/wp\/v2\/media\/10280"}],"wp:attachment":[{"href":"https:\/\/www.damianzimmermann.de\/blog\/wp-json\/wp\/v2\/media?parent=10276"}],"wp:term":[{"taxonomy":"category","embeddable":true,"href":"https:\/\/www.damianzimmermann.de\/blog\/wp-json\/wp\/v2\/categories?post=10276"},{"taxonomy":"post_tag","embeddable":true,"href":"https:\/\/www.damianzimmermann.de\/blog\/wp-json\/wp\/v2\/tags?post=10276"}],"curies":[{"name":"wp","href":"https:\/\/api.w.org\/{rel}","templated":true}]}}