{"id":10234,"date":"2012-11-07T15:17:18","date_gmt":"2012-11-07T14:17:18","guid":{"rendered":"http:\/\/www.damianzimmermann.de\/blog\/?p=10234"},"modified":"2019-03-25T19:49:51","modified_gmt":"2019-03-25T18:49:51","slug":"die-stadt-die-es-nicht-gibt-im-ludwig-forum","status":"publish","type":"post","link":"https:\/\/www.damianzimmermann.de\/blog\/die-stadt-die-es-nicht-gibt-im-ludwig-forum\/","title":{"rendered":"&#8222;Die Stadt, die es nicht gibt&#8220; im Ludwig Forum"},"content":{"rendered":"<p>Der Titel scheint paradox: \u201eDie Stadt, die es nicht gibt\u201c lautet die Ausstellung, die zurzeit im <strong>Ludwig Forum<\/strong> f\u00fcr Internationale Kunst in Aachen die Wahrnehmung von Realit\u00e4t sowie die Existenz von Orten in Frage stellt. Nat\u00fcrlich nicht so, wie es die satirische Legende der \u201eBielefeldverschw\u00f6rung\u201c seit 1994 tut, indem sie behauptet, dass alle Hinweise auf die ostwestf\u00e4lische Stadt Teil einer riesigen Verschw\u00f6rung von CIA, Mossad oder Au\u00dferirdischen seien. Nein, die Museumsleiterin und Kuratorin der Ausstellung, <strong>Brigitte Franzen<\/strong>, geht der Frage nach, wie mediale und gesellschaftliche Prozesse unsere Welt ver\u00e4ndern und neue R\u00e4ume das Dazwischen schaffen, in denen Fakten und Fiktionen verschwimmen.<\/p>\n<p>Das klingt viel verkopfter, als es tats\u00e4chlich ist, denn Franzen gelingt es, 20 sehr unterschiedliche Fotografen, aber auch Film- und Videok\u00fcnstler zu einer kurzweiligen, abwechslungsreichen, dennoch gehaltvollen, aber in keiner Weise geschw\u00e4tzigen Ausstellung zusammenzutragen. Zu sehen sind unter anderem die illegalen Siedlungen auf den Hochh\u00e4usern Hong Kongs von <strong>Stefan Canham<\/strong> und <strong>Rufina Wu<\/strong>, die Serie &#8222;Rochers Carr\u00e9s&#8220; von <strong>Kader Attia<\/strong>, Portr\u00e4ts von Jugendlichen, ihre Rituale und ihr soziales Umfeld von <strong>Tobias Zielony<\/strong>,\u00a0 Ansichten aus Nordkorea von <strong>Armin Linke, <\/strong>ein riesiges Wandinstallation \u00fcber die Folgen des Tsunamis in Japan von <strong>Paolo Pellegrin<\/strong>, Muster- und Fertigh\u00e4user im Folklorestil von <strong>Annette Kelm<\/strong> sowie manipulierte Architekturfotografien von <strong>Michael Krumm<\/strong>.<\/p>\n<p>Meine ausf\u00fchrliche Besprechung ist in der Photonews erschienen und gibt es\u00a0<a href=\"https:\/\/www.damianzimmermann.de\/blog\/wp-content\/uploads\/Photonews-11-12-Seite-4-Die-Stadt-die-es-nicht-gibt.pdf\" target=\"_blank\" rel=\"noopener noreferrer\">hier<\/a> als PDF.<\/p>\n<p>Link: <a href=\"http:\/\/www.ludwigforum.de\" target=\"_blank\" rel=\"noopener noreferrer\">Ludwig Forum<\/a><\/p>\n\n\t\t<style type=\"text\/css\">\n\t\t\t#gallery-1 {\n\t\t\t\tmargin: auto;\n\t\t\t}\n\t\t\t#gallery-1 .gallery-item {\n\t\t\t\tfloat: left;\n\t\t\t\tmargin-top: 10px;\n\t\t\t\ttext-align: center;\n\t\t\t\twidth: 100%;\n\t\t\t}\n\t\t\t#gallery-1 img {\n\t\t\t\tborder: 2px solid #cfcfcf;\n\t\t\t}\n\t\t\t#gallery-1 .gallery-caption {\n\t\t\t\tmargin-left: 0;\n\t\t\t}\n\t\t\t\/* see gallery_shortcode() in wp-includes\/media.php *\/\n\t\t<\/style>\n\t\t<div id='gallery-1' class='gallery galleryid-10234 gallery-columns-1 gallery-size-large'><dl class='gallery-item'>\n\t\t\t<dt class='gallery-icon landscape'>\n\t\t\t\t<img loading=\"lazy\" decoding=\"async\" width=\"620\" height=\"465\" src=\"https:\/\/www.damianzimmermann.de\/blog\/wp-content\/uploads\/Linke-Armin-Thongil-Street-Pyongyang-North-Korea-2005-Courtesy-Galerie-Klosterfelde-2.jpg\" class=\"attachment-large size-large\" alt=\"\" aria-describedby=\"gallery-1-10264\" srcset=\"https:\/\/www.damianzimmermann.de\/blog\/wp-content\/uploads\/Linke-Armin-Thongil-Street-Pyongyang-North-Korea-2005-Courtesy-Galerie-Klosterfelde-2.jpg 1024w, https:\/\/www.damianzimmermann.de\/blog\/wp-content\/uploads\/Linke-Armin-Thongil-Street-Pyongyang-North-Korea-2005-Courtesy-Galerie-Klosterfelde-2-200x150.jpg 200w, https:\/\/www.damianzimmermann.de\/blog\/wp-content\/uploads\/Linke-Armin-Thongil-Street-Pyongyang-North-Korea-2005-Courtesy-Galerie-Klosterfelde-2-400x300.jpg 400w\" sizes=\"auto, (max-width: 620px) 100vw, 620px\" \/>\n\t\t\t<\/dt>\n\t\t\t\t<dd class='wp-caption-text gallery-caption' id='gallery-1-10264'>\n\t\t\t\tAusstellungsplakat zu &#8222;Die Stadt, die es nicht gibt&#8220; im Ludwig Forum, Aachen. Das Bild stammt von Armin Linke: &#8222;Thongil Street, Pyongyang, North Korea&#8220;, 2005, Courtesy Galerie Klosterfelde\n\t\t\t\t<\/dd><\/dl><br style=\"clear: both\" \/><dl class='gallery-item'>\n\t\t\t<dt class='gallery-icon portrait'>\n\t\t\t\t<img loading=\"lazy\" decoding=\"async\" width=\"620\" height=\"796\" src=\"https:\/\/www.damianzimmermann.de\/blog\/wp-content\/uploads\/Annette-Kelm-Serie-Wolgaster-Holzindustrie-Aktiengesellschaft-1-2008-Courtesy-Johann-K\u00f6nig-Berlin.jpg\" class=\"attachment-large size-large\" alt=\"\" aria-describedby=\"gallery-1-10262\" srcset=\"https:\/\/www.damianzimmermann.de\/blog\/wp-content\/uploads\/Annette-Kelm-Serie-Wolgaster-Holzindustrie-Aktiengesellschaft-1-2008-Courtesy-Johann-K\u00f6nig-Berlin.jpg 701w, https:\/\/www.damianzimmermann.de\/blog\/wp-content\/uploads\/Annette-Kelm-Serie-Wolgaster-Holzindustrie-Aktiengesellschaft-1-2008-Courtesy-Johann-K\u00f6nig-Berlin-116x150.jpg 116w, https:\/\/www.damianzimmermann.de\/blog\/wp-content\/uploads\/Annette-Kelm-Serie-Wolgaster-Holzindustrie-Aktiengesellschaft-1-2008-Courtesy-Johann-K\u00f6nig-Berlin-311x400.jpg 311w\" sizes=\"auto, (max-width: 620px) 100vw, 620px\" \/>\n\t\t\t<\/dt>\n\t\t\t\t<dd class='wp-caption-text gallery-caption' id='gallery-1-10262'>\n\t\t\t\tAnnette Kelm, aus der Serie &#8222;Wolgaster Holzindustrie Aktiengesellschaft&#8220;, 2008, Courtesy Johann K\u00f6nig, Berlin\n\t\t\t\t<\/dd><\/dl><br style=\"clear: both\" \/><dl class='gallery-item'>\n\t\t\t<dt class='gallery-icon landscape'>\n\t\t\t\t<img loading=\"lazy\" decoding=\"async\" width=\"620\" height=\"496\" src=\"https:\/\/www.damianzimmermann.de\/blog\/wp-content\/uploads\/Kader-Attia-Rochers-Carres-2009_2-Courtesy-The-artist-and-Galerie-Christian-Nagel-Berlin-K\u00f6ln-Antwerpen.jpg\" class=\"attachment-large size-large\" alt=\"\" aria-describedby=\"gallery-1-10263\" srcset=\"https:\/\/www.damianzimmermann.de\/blog\/wp-content\/uploads\/Kader-Attia-Rochers-Carres-2009_2-Courtesy-The-artist-and-Galerie-Christian-Nagel-Berlin-K\u00f6ln-Antwerpen.jpg 900w, https:\/\/www.damianzimmermann.de\/blog\/wp-content\/uploads\/Kader-Attia-Rochers-Carres-2009_2-Courtesy-The-artist-and-Galerie-Christian-Nagel-Berlin-K\u00f6ln-Antwerpen-187x150.jpg 187w, https:\/\/www.damianzimmermann.de\/blog\/wp-content\/uploads\/Kader-Attia-Rochers-Carres-2009_2-Courtesy-The-artist-and-Galerie-Christian-Nagel-Berlin-K\u00f6ln-Antwerpen-400x320.jpg 400w\" sizes=\"auto, (max-width: 620px) 100vw, 620px\" \/>\n\t\t\t<\/dt>\n\t\t\t\t<dd class='wp-caption-text gallery-caption' id='gallery-1-10263'>\n\t\t\t\tAttia Kader: &#8222;Rochers Carr\u00e9s&#8220;, 2009, Courtesy The artist and Galerie Christian Nagel Berlin-K\u00f6ln-Antwerpen\n\t\t\t\t<\/dd><\/dl><br style=\"clear: both\" \/><dl class='gallery-item'>\n\t\t\t<dt class='gallery-icon portrait'>\n\t\t\t\t<img loading=\"lazy\" decoding=\"async\" width=\"595\" height=\"900\" src=\"https:\/\/www.damianzimmermann.de\/blog\/wp-content\/uploads\/Tobias-Zielony-Quartiers-Nord-Malcolm-2003-Courtesy-of-Tobias-Zielony-KOW-Berlin.jpg\" class=\"attachment-large size-large\" alt=\"\" aria-describedby=\"gallery-1-10266\" srcset=\"https:\/\/www.damianzimmermann.de\/blog\/wp-content\/uploads\/Tobias-Zielony-Quartiers-Nord-Malcolm-2003-Courtesy-of-Tobias-Zielony-KOW-Berlin.jpg 595w, https:\/\/www.damianzimmermann.de\/blog\/wp-content\/uploads\/Tobias-Zielony-Quartiers-Nord-Malcolm-2003-Courtesy-of-Tobias-Zielony-KOW-Berlin-99x150.jpg 99w, https:\/\/www.damianzimmermann.de\/blog\/wp-content\/uploads\/Tobias-Zielony-Quartiers-Nord-Malcolm-2003-Courtesy-of-Tobias-Zielony-KOW-Berlin-264x400.jpg 264w\" sizes=\"auto, (max-width: 595px) 100vw, 595px\" \/>\n\t\t\t<\/dt>\n\t\t\t\t<dd class='wp-caption-text gallery-caption' id='gallery-1-10266'>\n\t\t\t\tTobias Zielony: &#8222;Quartiers Nord, Malcolm&#8220;, 2003, Courtesy of Tobias Zielony KOW Berlin\n\t\t\t\t<\/dd><\/dl><br style=\"clear: both\" \/><dl class='gallery-item'>\n\t\t\t<dt class='gallery-icon landscape'>\n\t\t\t\t<img loading=\"lazy\" decoding=\"async\" width=\"620\" height=\"491\" src=\"https:\/\/www.damianzimmermann.de\/blog\/wp-content\/uploads\/Wu_Canham-Portraits-from-Above-Hong-Kongs-Informal-Rooftop-Communities-2008_2-Courtesy-Stefan-Canham.jpg\" class=\"attachment-large size-large\" alt=\"\" aria-describedby=\"gallery-1-10267\" srcset=\"https:\/\/www.damianzimmermann.de\/blog\/wp-content\/uploads\/Wu_Canham-Portraits-from-Above-Hong-Kongs-Informal-Rooftop-Communities-2008_2-Courtesy-Stefan-Canham.jpg 640w, https:\/\/www.damianzimmermann.de\/blog\/wp-content\/uploads\/Wu_Canham-Portraits-from-Above-Hong-Kongs-Informal-Rooftop-Communities-2008_2-Courtesy-Stefan-Canham-189x150.jpg 189w, https:\/\/www.damianzimmermann.de\/blog\/wp-content\/uploads\/Wu_Canham-Portraits-from-Above-Hong-Kongs-Informal-Rooftop-Communities-2008_2-Courtesy-Stefan-Canham-400x316.jpg 400w\" sizes=\"auto, (max-width: 620px) 100vw, 620px\" \/>\n\t\t\t<\/dt>\n\t\t\t\t<dd class='wp-caption-text gallery-caption' id='gallery-1-10267'>\n\t\t\t\tRefina Wu und Stefan Canham, aus der Serie &#8222;Portraits from Above &#8211; Hong Kong&#8217;s Informal Rooftop Communities&#8220;, 2008, Courtesy Stefan Canham\n\t\t\t\t<\/dd><\/dl><br style=\"clear: both\" \/><dl class='gallery-item'>\n\t\t\t<dt class='gallery-icon portrait'>\n\t\t\t\t<img loading=\"lazy\" decoding=\"async\" width=\"620\" height=\"775\" src=\"https:\/\/www.damianzimmermann.de\/blog\/wp-content\/uploads\/Michael-Krumm-Das-Geb\u00e4ude-der-Institute-f\u00fcr-Nachrichtentechnik-und-Hochfrequenztechnik-RWTH-Aachen.jpg\" class=\"attachment-large size-large\" alt=\"\" aria-describedby=\"gallery-1-10265\" srcset=\"https:\/\/www.damianzimmermann.de\/blog\/wp-content\/uploads\/Michael-Krumm-Das-Geb\u00e4ude-der-Institute-f\u00fcr-Nachrichtentechnik-und-Hochfrequenztechnik-RWTH-Aachen.jpg 640w, https:\/\/www.damianzimmermann.de\/blog\/wp-content\/uploads\/Michael-Krumm-Das-Geb\u00e4ude-der-Institute-f\u00fcr-Nachrichtentechnik-und-Hochfrequenztechnik-RWTH-Aachen-120x150.jpg 120w, https:\/\/www.damianzimmermann.de\/blog\/wp-content\/uploads\/Michael-Krumm-Das-Geb\u00e4ude-der-Institute-f\u00fcr-Nachrichtentechnik-und-Hochfrequenztechnik-RWTH-Aachen-320x400.jpg 320w\" sizes=\"auto, (max-width: 620px) 100vw, 620px\" \/>\n\t\t\t<\/dt>\n\t\t\t\t<dd class='wp-caption-text gallery-caption' id='gallery-1-10265'>\n\t\t\t\tMichael Krumm: &#8222;Das Geb\u00e4ude der Institute f\u00fcr Nachrichtentechnik und Hochfrequenztechnik der RWTH Aachen, Konzeptionen f\u00fcr Sanierung und Umbau &#8211; Photocollagen&#8220;, aus der Serie &#8222;Die Photocollagen&#8220;, Courtesy Michael Krumm\n\t\t\t\t<\/dd><\/dl><br style=\"clear: both\" \/>\n\t\t<\/div>\n\n","protected":false},"excerpt":{"rendered":"<p>Der Titel scheint paradox: \u201eDie Stadt, die es nicht gibt\u201c lautet die Ausstellung, die zurzeit im Ludwig Forum f\u00fcr Internationale Kunst in Aachen die Wahrnehmung von Realit\u00e4t sowie&#8230;<\/p>\n","protected":false},"author":1,"featured_media":10267,"comment_status":"closed","ping_status":"open","sticky":false,"template":"","format":"standard","meta":{"footnotes":""},"categories":[6],"tags":[928,926,924,925,927,639,75,76,689],"class_list":["post-10234","post","type-post","status-publish","format-standard","has-post-thumbnail","hentry","category-ausstellungen","tag-annette-kelm","tag-armin-linke","tag-brigitte-franzen","tag-kader-attia","tag-michael-krumm","tag-paolo-pellegrin","tag-rufina-wu","tag-stefan-canham","tag-tobias-zielony"],"_links":{"self":[{"href":"https:\/\/www.damianzimmermann.de\/blog\/wp-json\/wp\/v2\/posts\/10234","targetHints":{"allow":["GET"]}}],"collection":[{"href":"https:\/\/www.damianzimmermann.de\/blog\/wp-json\/wp\/v2\/posts"}],"about":[{"href":"https:\/\/www.damianzimmermann.de\/blog\/wp-json\/wp\/v2\/types\/post"}],"author":[{"embeddable":true,"href":"https:\/\/www.damianzimmermann.de\/blog\/wp-json\/wp\/v2\/users\/1"}],"replies":[{"embeddable":true,"href":"https:\/\/www.damianzimmermann.de\/blog\/wp-json\/wp\/v2\/comments?post=10234"}],"version-history":[{"count":34,"href":"https:\/\/www.damianzimmermann.de\/blog\/wp-json\/wp\/v2\/posts\/10234\/revisions"}],"predecessor-version":[{"id":20383,"href":"https:\/\/www.damianzimmermann.de\/blog\/wp-json\/wp\/v2\/posts\/10234\/revisions\/20383"}],"wp:featuredmedia":[{"embeddable":true,"href":"https:\/\/www.damianzimmermann.de\/blog\/wp-json\/wp\/v2\/media\/10267"}],"wp:attachment":[{"href":"https:\/\/www.damianzimmermann.de\/blog\/wp-json\/wp\/v2\/media?parent=10234"}],"wp:term":[{"taxonomy":"category","embeddable":true,"href":"https:\/\/www.damianzimmermann.de\/blog\/wp-json\/wp\/v2\/categories?post=10234"},{"taxonomy":"post_tag","embeddable":true,"href":"https:\/\/www.damianzimmermann.de\/blog\/wp-json\/wp\/v2\/tags?post=10234"}],"curies":[{"name":"wp","href":"https:\/\/api.w.org\/{rel}","templated":true}]}}